{"id":4734,"date":"2023-04-30T19:31:13","date_gmt":"2023-04-30T17:31:13","guid":{"rendered":"http:\/\/www.tenisdolnilhota.cz\/?p=4734"},"modified":"2023-04-30T19:33:04","modified_gmt":"2023-04-30T17:33:04","slug":"letni-turnaje-nasich-kurtech","status":"publish","type":"post","link":"https:\/\/www.tenisdolnilhota.cz\/index.php\/2023\/04\/30\/letni-turnaje-nasich-kurtech\/","title":{"rendered":"Letn\u00ed turnaje na na\u0161ich kurtech"},"content":{"rendered":"<p>V pr\u00e1zdninov\u00e9m obdob\u00ed prob\u011bhnou na na\u0161ich kurtech ofici\u00e1ln\u00ed turnaje. Kategorie mlad\u0161\u00edch \u017e\u00e1k\u016f prob\u011bhne 25.7. 2023, kategorie star\u0161\u00edch \u017e\u00e1k\u016f 18.7.2023.<\/p>\n<p>P\u0159ihl\u00e1\u0161ky prob\u00edhaj\u00ed standardn\u011b p\u0159es str\u00e1nky tenisov\u00e9ho svazu.<\/p>\n","protected":false},"excerpt":{"rendered":"<p>V pr\u00e1zdninov\u00e9m obdob\u00ed prob\u011bhnou na na\u0161ich kurtech ofici\u00e1ln\u00ed turnaje. Kategorie mlad\u0161\u00edch \u017e\u00e1k\u016f prob\u011bhne 25.7. 2023, kategorie star\u0161\u00edch \u017e\u00e1k\u016f 18.7.2023. P\u0159ihl\u00e1\u0161ky prob\u00edhaj\u00ed standardn\u011b p\u0159es str\u00e1nky tenisov\u00e9ho svazu.<\/p>\n","protected":false},"author":2,"featured_media":0,"comment_status":"closed","ping_status":"closed","sticky":false,"template":"","format":"standard","meta":{"_uag_custom_page_level_css":"","_monsterinsights_skip_tracking":false,"_monsterinsights_sitenote_active":false,"_monsterinsights_sitenote_note":"","_monsterinsights_sitenote_category":0,"footnotes":""},"categories":[1],"tags":[],"class_list":["post-4734","post","type-post","status-publish","format-standard","hentry","category-nezarazene"],"yoast_head":"<!-- This site is optimized with the Yoast SEO plugin v23.4 - https:\/\/yoast.com\/wordpress\/plugins\/seo\/ -->\n<title>Letn\u00ed turnaje na na\u0161ich kurtech - Tenisov\u00fd odd\u00edl - TJ SOKOL Doln\u00ed Lhota<\/title>\n<meta name=\"robots\" content=\"index, follow, max-snippet:-1, max-image-preview:large, max-video-preview:-1\" \/>\n<link rel=\"canonical\" href=\"https:\/\/www.tenisdolnilhota.cz\/index.php\/2023\/04\/30\/letni-turnaje-nasich-kurtech\/\" \/>\n<meta property=\"og:locale\" content=\"cs_CZ\" \/>\n<meta property=\"og:type\" content=\"article\" \/>\n<meta property=\"og:title\" content=\"Letn\u00ed turnaje na na\u0161ich kurtech - Tenisov\u00fd odd\u00edl - TJ SOKOL Doln\u00ed Lhota\" \/>\n<meta property=\"og:description\" content=\"V pr\u00e1zdninov\u00e9m obdob\u00ed prob\u011bhnou na na\u0161ich kurtech ofici\u00e1ln\u00ed turnaje. Kategorie mlad\u0161\u00edch \u017e\u00e1k\u016f prob\u011bhne 25.7. 2023, kategorie star\u0161\u00edch \u017e\u00e1k\u016f 18.7.2023. P\u0159ihl\u00e1\u0161ky prob\u00edhaj\u00ed standardn\u011b p\u0159es str\u00e1nky tenisov\u00e9ho svazu.\" \/>\n<meta property=\"og:url\" content=\"https:\/\/www.tenisdolnilhota.cz\/index.php\/2023\/04\/30\/letni-turnaje-nasich-kurtech\/\" \/>\n<meta property=\"og:site_name\" content=\"Tenisov\u00fd odd\u00edl - TJ SOKOL Doln\u00ed Lhota\" \/>\n<meta property=\"article:published_time\" content=\"2023-04-30T17:31:13+00:00\" \/>\n<meta property=\"article:modified_time\" content=\"2023-04-30T17:33:04+00:00\" \/>\n<meta name=\"author\" content=\"Michal Opat\" \/>\n<meta name=\"twitter:card\" content=\"summary_large_image\" \/>\n<meta name=\"twitter:label1\" content=\"Napsal(a)\" \/>\n\t<meta name=\"twitter:data1\" content=\"Michal Opat\" \/>\n<script type=\"application\/ld+json\" class=\"yoast-schema-graph\">{\"@context\":\"https:\/\/schema.org\",\"@graph\":[{\"@type\":\"WebPage\",\"@id\":\"https:\/\/www.tenisdolnilhota.cz\/index.php\/2023\/04\/30\/letni-turnaje-nasich-kurtech\/\",\"url\":\"https:\/\/www.tenisdolnilhota.cz\/index.php\/2023\/04\/30\/letni-turnaje-nasich-kurtech\/\",\"name\":\"Letn\u00ed turnaje na na\u0161ich kurtech - Tenisov\u00fd odd\u00edl - TJ SOKOL Doln\u00ed Lhota\",\"isPartOf\":{\"@id\":\"https:\/\/www.tenisdolnilhota.cz\/#website\"},\"datePublished\":\"2023-04-30T17:31:13+00:00\",\"dateModified\":\"2023-04-30T17:33:04+00:00\",\"author\":{\"@id\":\"https:\/\/www.tenisdolnilhota.cz\/#\/schema\/person\/c9a0efabb5774a77811e431d252b6692\"},\"breadcrumb\":{\"@id\":\"https:\/\/www.tenisdolnilhota.cz\/index.php\/2023\/04\/30\/letni-turnaje-nasich-kurtech\/#breadcrumb\"},\"inLanguage\":\"cs\",\"potentialAction\":[{\"@type\":\"ReadAction\",\"target\":[\"https:\/\/www.tenisdolnilhota.cz\/index.php\/2023\/04\/30\/letni-turnaje-nasich-kurtech\/\"]}]},{\"@type\":\"BreadcrumbList\",\"@id\":\"https:\/\/www.tenisdolnilhota.cz\/index.php\/2023\/04\/30\/letni-turnaje-nasich-kurtech\/#breadcrumb\",\"itemListElement\":[{\"@type\":\"ListItem\",\"position\":1,\"name\":\"Dom\u016f\",\"item\":\"https:\/\/www.tenisdolnilhota.cz\/\"},{\"@type\":\"ListItem\",\"position\":2,\"name\":\"Letn\u00ed turnaje na na\u0161ich kurtech\"}]},{\"@type\":\"WebSite\",\"@id\":\"https:\/\/www.tenisdolnilhota.cz\/#website\",\"url\":\"https:\/\/www.tenisdolnilhota.cz\/\",\"name\":\"Tenisov\u00fd odd\u00edl - TJ SOKOL Doln\u00ed Lhota\",\"description\":\"\",\"potentialAction\":[{\"@type\":\"SearchAction\",\"target\":{\"@type\":\"EntryPoint\",\"urlTemplate\":\"https:\/\/www.tenisdolnilhota.cz\/?s={search_term_string}\"},\"query-input\":{\"@type\":\"PropertyValueSpecification\",\"valueRequired\":true,\"valueName\":\"search_term_string\"}}],\"inLanguage\":\"cs\"},{\"@type\":\"Person\",\"@id\":\"https:\/\/www.tenisdolnilhota.cz\/#\/schema\/person\/c9a0efabb5774a77811e431d252b6692\",\"name\":\"Michal Opat\",\"image\":{\"@type\":\"ImageObject\",\"inLanguage\":\"cs\",\"@id\":\"https:\/\/www.tenisdolnilhota.cz\/#\/schema\/person\/image\/\",\"url\":\"https:\/\/secure.gravatar.com\/avatar\/789ecf4063104b7f91c07189427c4ffef83787512bf300a486d1a79f667b756e?s=96&d=mm&r=g\",\"contentUrl\":\"https:\/\/secure.gravatar.com\/avatar\/789ecf4063104b7f91c07189427c4ffef83787512bf300a486d1a79f667b756e?s=96&d=mm&r=g\",\"caption\":\"Michal Opat\"}}]}<\/script>\n<!-- \/ Yoast SEO plugin. -->","yoast_head_json":{"title":"Letn\u00ed turnaje na na\u0161ich kurtech - Tenisov\u00fd odd\u00edl - TJ SOKOL Doln\u00ed Lhota","robots":{"index":"index","follow":"follow","max-snippet":"max-snippet:-1","max-image-preview":"max-image-preview:large","max-video-preview":"max-video-preview:-1"},"canonical":"https:\/\/www.tenisdolnilhota.cz\/index.php\/2023\/04\/30\/letni-turnaje-nasich-kurtech\/","og_locale":"cs_CZ","og_type":"article","og_title":"Letn\u00ed turnaje na na\u0161ich kurtech - Tenisov\u00fd odd\u00edl - TJ SOKOL Doln\u00ed Lhota","og_description":"V pr\u00e1zdninov\u00e9m obdob\u00ed prob\u011bhnou na na\u0161ich kurtech ofici\u00e1ln\u00ed turnaje. Kategorie mlad\u0161\u00edch \u017e\u00e1k\u016f prob\u011bhne 25.7. 2023, kategorie star\u0161\u00edch \u017e\u00e1k\u016f 18.7.2023. P\u0159ihl\u00e1\u0161ky prob\u00edhaj\u00ed standardn\u011b p\u0159es str\u00e1nky tenisov\u00e9ho svazu.","og_url":"https:\/\/www.tenisdolnilhota.cz\/index.php\/2023\/04\/30\/letni-turnaje-nasich-kurtech\/","og_site_name":"Tenisov\u00fd odd\u00edl - TJ SOKOL Doln\u00ed Lhota","article_published_time":"2023-04-30T17:31:13+00:00","article_modified_time":"2023-04-30T17:33:04+00:00","author":"Michal Opat","twitter_card":"summary_large_image","twitter_misc":{"Napsal(a)":"Michal Opat"},"schema":{"@context":"https:\/\/schema.org","@graph":[{"@type":"WebPage","@id":"https:\/\/www.tenisdolnilhota.cz\/index.php\/2023\/04\/30\/letni-turnaje-nasich-kurtech\/","url":"https:\/\/www.tenisdolnilhota.cz\/index.php\/2023\/04\/30\/letni-turnaje-nasich-kurtech\/","name":"Letn\u00ed turnaje na na\u0161ich kurtech - Tenisov\u00fd odd\u00edl - TJ SOKOL Doln\u00ed Lhota","isPartOf":{"@id":"https:\/\/www.tenisdolnilhota.cz\/#website"},"datePublished":"2023-04-30T17:31:13+00:00","dateModified":"2023-04-30T17:33:04+00:00","author":{"@id":"https:\/\/www.tenisdolnilhota.cz\/#\/schema\/person\/c9a0efabb5774a77811e431d252b6692"},"breadcrumb":{"@id":"https:\/\/www.tenisdolnilhota.cz\/index.php\/2023\/04\/30\/letni-turnaje-nasich-kurtech\/#breadcrumb"},"inLanguage":"cs","potentialAction":[{"@type":"ReadAction","target":["https:\/\/www.tenisdolnilhota.cz\/index.php\/2023\/04\/30\/letni-turnaje-nasich-kurtech\/"]}]},{"@type":"BreadcrumbList","@id":"https:\/\/www.tenisdolnilhota.cz\/index.php\/2023\/04\/30\/letni-turnaje-nasich-kurtech\/#breadcrumb","itemListElement":[{"@type":"ListItem","position":1,"name":"Dom\u016f","item":"https:\/\/www.tenisdolnilhota.cz\/"},{"@type":"ListItem","position":2,"name":"Letn\u00ed turnaje na na\u0161ich kurtech"}]},{"@type":"WebSite","@id":"https:\/\/www.tenisdolnilhota.cz\/#website","url":"https:\/\/www.tenisdolnilhota.cz\/","name":"Tenisov\u00fd odd\u00edl - TJ SOKOL Doln\u00ed Lhota","description":"","potentialAction":[{"@type":"SearchAction","target":{"@type":"EntryPoint","urlTemplate":"https:\/\/www.tenisdolnilhota.cz\/?s={search_term_string}"},"query-input":{"@type":"PropertyValueSpecification","valueRequired":true,"valueName":"search_term_string"}}],"inLanguage":"cs"},{"@type":"Person","@id":"https:\/\/www.tenisdolnilhota.cz\/#\/schema\/person\/c9a0efabb5774a77811e431d252b6692","name":"Michal Opat","image":{"@type":"ImageObject","inLanguage":"cs","@id":"https:\/\/www.tenisdolnilhota.cz\/#\/schema\/person\/image\/","url":"https:\/\/secure.gravatar.com\/avatar\/789ecf4063104b7f91c07189427c4ffef83787512bf300a486d1a79f667b756e?s=96&d=mm&r=g","contentUrl":"https:\/\/secure.gravatar.com\/avatar\/789ecf4063104b7f91c07189427c4ffef83787512bf300a486d1a79f667b756e?s=96&d=mm&r=g","caption":"Michal Opat"}}]}},"uagb_featured_image_src":{"full":false,"thumbnail":false,"medium":false,"medium_large":false,"large":false,"1536x1536":false,"2048x2048":false,"widget-thumb":false,"sow-carousel-default":false},"uagb_author_info":{"display_name":"Michal Opat","author_link":"https:\/\/www.tenisdolnilhota.cz\/index.php\/author\/opat\/"},"uagb_comment_info":0,"uagb_excerpt":"V pr\u00e1zdninov\u00e9m obdob\u00ed prob\u011bhnou na na\u0161ich kurtech ofici\u00e1ln\u00ed turnaje. Kategorie mlad\u0161\u00edch \u017e\u00e1k\u016f prob\u011bhne 25.7. 2023, kategorie star\u0161\u00edch \u017e\u00e1k\u016f 18.7.2023. P\u0159ihl\u00e1\u0161ky prob\u00edhaj\u00ed standardn\u011b p\u0159es str\u00e1nky tenisov\u00e9ho svazu.","_links":{"self":[{"href":"https:\/\/www.tenisdolnilhota.cz\/index.php\/wp-json\/wp\/v2\/posts\/4734","targetHints":{"allow":["GET"]}}],"collection":[{"href":"https:\/\/www.tenisdolnilhota.cz\/index.php\/wp-json\/wp\/v2\/posts"}],"about":[{"href":"https:\/\/www.tenisdolnilhota.cz\/index.php\/wp-json\/wp\/v2\/types\/post"}],"author":[{"embeddable":true,"href":"https:\/\/www.tenisdolnilhota.cz\/index.php\/wp-json\/wp\/v2\/users\/2"}],"replies":[{"embeddable":true,"href":"https:\/\/www.tenisdolnilhota.cz\/index.php\/wp-json\/wp\/v2\/comments?post=4734"}],"version-history":[{"count":1,"href":"https:\/\/www.tenisdolnilhota.cz\/index.php\/wp-json\/wp\/v2\/posts\/4734\/revisions"}],"predecessor-version":[{"id":4735,"href":"https:\/\/www.tenisdolnilhota.cz\/index.php\/wp-json\/wp\/v2\/posts\/4734\/revisions\/4735"}],"wp:attachment":[{"href":"https:\/\/www.tenisdolnilhota.cz\/index.php\/wp-json\/wp\/v2\/media?parent=4734"}],"wp:term":[{"taxonomy":"category","embeddable":true,"href":"https:\/\/www.tenisdolnilhota.cz\/index.php\/wp-json\/wp\/v2\/categories?post=4734"},{"taxonomy":"post_tag","embeddable":true,"href":"https:\/\/www.tenisdolnilhota.cz\/index.php\/wp-json\/wp\/v2\/tags?post=4734"}],"curies":[{"name":"wp","href":"https:\/\/api.w.org\/{rel}","templated":true}]}}