{"id":3343,"date":"2020-08-20T19:27:13","date_gmt":"2020-08-20T17:27:13","guid":{"rendered":"http:\/\/www.tenisdolnilhota.cz\/?p=3343"},"modified":"2025-11-01T20:49:59","modified_gmt":"2025-11-01T19:49:59","slug":"letni-soustredeni-2020","status":"publish","type":"post","link":"https:\/\/www.tenisdolnilhota.cz\/index.php\/2020\/08\/20\/letni-soustredeni-2020\/","title":{"rendered":"Letn\u00ed soust\u0159ed\u011bn\u00ed 2020"},"content":{"rendered":"<p><img decoding=\"async\" class=\"alignleft wp-image-1242 size-medium\" src=\"http:\/\/www.tenisdolnilhota.cz\/wp-content\/uploads\/2020\/08\/P1046499.jpg\" alt=\"cover\" width=\"100%\" \/><\/p>\n<div><\/div>\n<div><\/div>\n<div><\/div>\n<div style=\"text-align: justify;\"><strong>V\u00fdsledky olympi\u00e1dy m\u016f\u017eete vid\u011bt zde: <a href=\"http:\/\/www.tenisdolnilhota.cz\/wp-content\/uploads\/2020\/08\/Olympiada2020.pdf\">olympi\u00e1da.pdf<\/a>.<\/strong><\/div>\n<div><\/div>\n<h3>Pond\u011bl\u00ed<\/h3>\n<p>Dne\u0161n\u00edm dopolednem za\u010dalo tenisov\u00e9 soust\u0159ed\u011bn\u00ed.<\/p>\n<p>Po dne\u0161n\u00edm \u00favodn\u00edm prvn\u00edm n\u00e1stupu za\u010dal velice kr\u00e1tk\u00fd dopoledn\u00ed program, ve kter\u00e9m m\u011bly n\u011bkter\u00e9 d\u011bti mo\u017enost se vykoupat nebo si zahr\u00e1t tenis.<\/p>\n<p>Po vydatn\u00e9m ob\u011bd\u011b a odpoledn\u00ed pauze n\u00e1sledoval odpoledn\u00ed program. D\u011bti byly rozd\u011bleny do skupin, ve kter\u00fdch se pak \u00fa\u010dastnily fyzi\u010dek, olympi\u00e1dy a tenisov\u00fdch tr\u00e9nink\u016f. Dne\u0161ek byl sp\u00ed\u0161e rozeh\u0159\u00edvac\u00ed, a tak byl cel\u00fd odpoledn\u00ed program o n\u011bco m\u00edrn\u011bj\u0161\u00ed. Na olympi\u00e1d\u011b se h\u00e1zelo bal\u00f3nem do d\u00e1lky a na fyzi\u010dk\u00e1ch se hr\u00e1ly t\u00fdmov\u00e9 hry.<\/p>\n<p>Ve\u010der n\u00e1sledoval mal\u00fd t\u00e1bor\u00e1k, na kter\u00e9m byla mo\u017enost si op\u00e9ct p\u00e1rek nebo chleba.<\/p>\n<p><a href=\"https:\/\/www.tenisdolnilhota.cz\/index.php\/fotografie-soustredeni-2020-pondeli\/\"><strong>Galerie.<\/strong><\/a><\/p>\n<h3>\u00dater\u00fd<\/h3>\n<p>Dne\u0161n\u00ed den jsme zah\u00e1jili ji\u017e tradi\u010dn\u00ed rozcvi\u010dkou &#8211; po kr\u00e1tk\u00e9m v\u00fdkluse se d\u011bti st\u0159\u00eddaly ve vym\u00fd\u0161len\u00ed cvik\u016f. N\u00e1sledovala sn\u00eddan\u011b a za\u010dal dopoledn\u00ed program rozd\u011blen\u00fd klasicky na fyzi\u010dku, olympi\u00e1du a tenis. Odpoledn\u00ed program prob\u00edhal stejn\u00fdm zp\u016fsobem.<\/p>\n<p>Tr\u00e9ninky jsme dnes prom\u00edchali tak, aby d\u011bti nehr\u00e1ly se stejn\u00fdmi tren\u00e9ry a spoluhr\u00e1\u010di jako v\u010dera, a aby se l\u00e9pe sezn\u00e1mily.<\/p>\n<p>V olympi\u00e1d\u011b se dnes dopoledno sout\u011b\u017eilo ve sprintu na 50m (pro m\u011bn\u0161\u00ed d\u011bti) nebo 80m (pro v\u011bt\u0161\u00ed d\u011bti). Odpoledne pak ve skoku p\u0159es \u0161vihadlo. Fyzi\u010dka byla zam\u011b\u0159ena na t\u00fdmov\u00e9 sporty a na zru\u010dnost s tenisovou raketou na minikurtu.<\/p>\n<p>Na ve\u010der si hlavn\u00ed tren\u00e9\u0159i p\u0159ipravili hudebn\u00ed kv\u00edz. V tom bylo \u00fakolem uh\u00e1dnou n\u00e1zev, interpreta, nebo film ve kter\u00e9m byla hr\u00e1na dan\u00e1 p\u00edsni\u010dka. Pou\u0161t\u011bli jsme tak hity t\u0159eba z film\u016f Madagaskar, Shrek, Rocky nebo t\u0159eba T\u0159i Veter\u00e1n\u00ed.<\/p>\n<p><a href=\"https:\/\/www.tenisdolnilhota.cz\/index.php\/fotografie-soustredeni-2020-utery\/\"><strong>Galerie.<\/strong><\/a><\/p>\n<h3>St\u0159eda<\/h3>\n<p>Dopoledn\u00ed program prob\u00edhal podobn\u011b jako p\u0159edchoz\u00ed den &#8211; d\u011bti se z\u00fa\u010dastnily tenisu, fyzi\u010dky a atletick\u00e9 olympi\u00e1dy. Jeliko\u017e bylo v pl\u00e1nu j\u00edt odpoledne na v\u00fdlet, tak se dopoledne na olympi\u00e1d\u011b b\u011bhaly vytrvalostn\u00ed b\u011bhy (co\u017e je pro velkou \u010d\u00e1st d\u011bt\u00ed skoro v\u017edy nejt\u011b\u017e\u0161\u00ed discipl\u00edna). B\u011bhalo se na vzd\u00e1lenosti 1, 3, a 4 km (podle v\u011bku).<\/p>\n<p>Po dobr\u00e9m ob\u011bd\u011b jsme se vydali na tradi\u010dn\u00ed v\u00fdlet v okol\u00ed Hutiska. Tentokr\u00e1t jsme nav\u0161t\u00edvili pomn\u00edk Charlotty Masarykov\u00e9 (fotka v galerii). Neminuli jsme tak\u00e9 obchod, kde si d\u011bti m\u011bly mo\u017enost koupit n\u011bco dobr\u00e9ho.<\/p>\n<p>Ve ve\u010dern\u00edm programu n\u00e1sledovala odkr\u00fdva\u010dka &#8211; d\u011bti postupn\u011b odkr\u00fdvaly obr\u00e1zky a h\u00e1daly, co na nich je. Obr\u00e1zky p\u0159edstavovaly v\u00fdznamn\u00e9 osobnosti (Jarom\u00edr J\u00e1gr, Tom\u00e1\u0161 Berdych), poh\u00e1dov\u00e9 postavi\u010dky nebo \u00fa\u010dastn\u00edky soust\u0159ed\u011bn\u00ed a tren\u00e9ry.<\/p>\n<p><a href=\"http:\/\/www.tenisdolnilhota.cz\/index.php\/fotografie-soustredeni-2020-streda\/\"><strong>Galerie.<\/strong><\/a><\/p>\n<h3>\u010ctvrtek<\/h3>\n<p>Dne\u0161ek prob\u00edhal podobn\u011b jako \u00fater\u00fd &#8211; odpoledne i dopoledne prob\u00edhala olympi\u00e1da, fyzi\u010dka a tenis.<\/p>\n<p>V olympi\u00e1d\u011b jsme dnes d\u011blali t\u0159i discipl\u00edny &#8211; skok z m\u00edsta, sedy lehy a v\u011bj\u00ed\u0159. Tenisov\u00e9 tr\u00e9ninky byly dneska zam\u011b\u0159eny na hru, co\u017e m\u011blo d\u011bti p\u0159ipravit na z\u00edt\u0159ej\u0161\u00ed z\u00e1v\u011bre\u010dn\u00fd miniturnaj.<\/p>\n<p>Miniturnaj hrajeme ka\u017ed\u00fd rok a d\u011bti v n\u011bm sout\u011b\u017e\u00ed o um\u00edst\u011bn\u00ed, kter\u00e9 je v p\u0159\u00edpad\u011b prvn\u00edch t\u0159\u00ed p\u0159\u00ed\u010dek ocen\u011bno poh\u00e1ry. D\u011bti budou rozd\u011bleny a rozlosov\u00e1ny do n\u011bkolika kategori\u00ed podle v\u011bku (minitenis, babytenis, mlad\u0161\u00ed \u017e\u00e1ci a dorost\/star\u0161\u00ed \u017e\u00e1ci).<\/p>\n<p>Z\u00edtra va\u0161im d\u011btem dr\u017ete palce ;).<\/p>\n<p><a href=\"http:\/\/www.tenisdolnilhota.cz\/index.php\/fotografie-soustredeni-2020-ctvrtek\/\"><strong>Galerie.<\/strong><\/a><\/p>\n<h3>P\u00e1tek + Sobota<\/h3>\n<p>V p\u00e1tek a v sobotu prob\u00edhal z\u00e1v\u011bre\u010dn\u00fd tenisov\u00fd turnaj a z\u00e1v\u011bre\u010dn\u00e9 discipl\u00edny olympi\u00e1dy.<\/p>\n<p><a href=\"https:\/\/www.tenisdolnilhota.cz\/index.php\/fotografie-soustredeni-2020\/\"><strong>Galerie.<\/strong><\/a><\/p>\n<p><strong>Stupn\u011b v\u00edt\u011bz\u016f:<\/strong><\/p>\n<table class=\"tg\" style=\"border-collapse: collapse; border-spacing: 0; border-color: #ccc;\">\n<tbody>\n<tr>\n<th style=\"font-family: Arial, sans-serif; font-size: 14px; font-weight: normal; padding: 10px 5px; overflow: hidden; word-break: normal; color: #333; background-color: #f0f0f0; text-align: left; border: 0px solid inherit;\"><\/th>\n<th style=\"font-family: Arial, sans-serif; font-size: 14px; font-weight: normal; padding: 10px 5px; overflow: hidden; word-break: normal; color: #333; background-color: #f0f0f0; text-align: center; border: 0px solid inherit;\">Minitenis<\/th>\n<th style=\"font-family: Arial, sans-serif; font-size: 14px; font-weight: normal; padding: 10px 5px; overflow: hidden; word-break: normal; color: #333; background-color: #f0f0f0; text-align: center; border: 0px solid inherit;\">Babytenis A<\/th>\n<th style=\"font-family: Arial, sans-serif; font-size: 14px; font-weight: normal; padding: 10px 5px; overflow: hidden; word-break: normal; color: #333; background-color: #f0f0f0; text-align: center; vertical-align: top; border: 0px solid inherit;\">Babytenis B<\/th>\n<th style=\"font-family: Arial, sans-serif; font-size: 14px; font-weight: normal; padding: 10px 5px; overflow: hidden; word-break: normal; color: #333; background-color: #f0f0f0; text-align: center; vertical-align: top; border: 0px solid inherit;\">\u017d\u00e1ci<\/th>\n<th style=\"font-family: Arial, sans-serif; font-size: 14px; font-weight: normal; padding: 10px 5px; overflow: hidden; word-break: normal; color: #333; background-color: #f0f0f0; text-align: center; vertical-align: top; border: 0px solid inherit;\">Velc\u00ed<\/th>\n<\/tr>\n<tr>\n<td style=\"font-family: Arial, sans-serif; font-size: 14px; padding: 10px 5px; overflow: hidden; word-break: normal; color: #333; background-color: #fff; text-align: left; border: 0px solid inherit;\">1.<\/td>\n<td style=\"font-family: Arial, sans-serif; font-size: 14px; padding: 10px 5px; overflow: hidden; word-break: normal; color: #333; background-color: #fff; font-weight: bold; text-align: center; border: 0px solid inherit;\">Eli\u0161ka Kvap\u00edkov\u00e1<\/td>\n<td style=\"font-family: Arial, sans-serif; font-size: 14px; padding: 10px 5px; overflow: hidden; word-break: normal; color: #333; background-color: #fff; font-weight: bold; text-align: center; border: 0px solid inherit;\">Pep\u00edk V\u00fdtisk<\/td>\n<td style=\"font-family: Arial, sans-serif; font-size: 14px; padding: 10px 5px; overflow: hidden; word-break: normal; color: #333; background-color: #fff; font-weight: bold; text-align: center; vertical-align: top; border: 0px solid inherit;\">Ani\u010dka Lazeck\u00e1<\/td>\n<td style=\"font-family: Arial, sans-serif; font-size: 14px; padding: 10px 5px; overflow: hidden; word-break: normal; color: #333; background-color: #fff; font-weight: bold; text-align: center; vertical-align: top; border: 0px solid inherit;\">Tonda V\u00fdtisk<\/td>\n<td style=\"font-family: Arial, sans-serif; font-size: 14px; padding: 10px 5px; overflow: hidden; word-break: normal; color: #333; background-color: #fff; font-weight: bold; text-align: center; border: 0px solid inherit;\">Jon\u00e1\u0161 Kop\u0159iva<\/td>\n<\/tr>\n<tr>\n<td style=\"font-family: Arial, sans-serif; font-size: 14px; padding: 10px 5px; overflow: hidden; word-break: normal; color: #333; background-color: #fff; text-align: left; border: 0px solid inherit;\">2.<\/td>\n<td style=\"font-family: Arial, sans-serif; font-size: 14px; padding: 10px 5px; overflow: hidden; word-break: normal; color: #333; background-color: #fff; font-weight: bold; text-align: center; border: 0px solid inherit;\">Em\u010da R\u016f\u010dkov\u00e1<\/td>\n<td style=\"font-family: Arial, sans-serif; font-size: 14px; padding: 10px 5px; overflow: hidden; word-break: normal; color: #333; background-color: #fff; font-weight: bold; text-align: center; border: 0px solid inherit;\">Mat\u011bj Opat<\/td>\n<td style=\"font-family: Arial, sans-serif; font-size: 14px; padding: 10px 5px; overflow: hidden; word-break: normal; color: #333; background-color: #fff; font-weight: bold; text-align: center; vertical-align: top; border: 0px solid inherit;\">Jirka Mich\u00e1lek<\/td>\n<td style=\"font-family: Arial, sans-serif; font-size: 14px; padding: 10px 5px; overflow: hidden; word-break: normal; color: #333; background-color: #fff; font-weight: bold; text-align: center; vertical-align: top; border: 0px solid inherit;\">Lukasz Bury<\/td>\n<td style=\"font-family: Arial, sans-serif; font-size: 14px; padding: 10px 5px; overflow: hidden; word-break: normal; color: #333; background-color: #fff; font-weight: bold; text-align: center; border: 0px solid inherit;\">Tonda V\u00fdtisk<\/td>\n<\/tr>\n<tr>\n<td style=\"font-family: Arial, sans-serif; font-size: 14px; padding: 10px 5px; overflow: hidden; word-break: normal; color: #333; background-color: #fff; text-align: left; vertical-align: top; border: 0px solid inherit;\">3.<\/td>\n<td style=\"font-family: Arial, sans-serif; font-size: 14px; padding: 10px 5px; overflow: hidden; word-break: normal; color: #333; background-color: #fff; font-weight: bold; text-align: center; vertical-align: top; border: 0px solid inherit;\">\u0160imon \u0160\u00edpek<\/td>\n<td style=\"font-family: Arial, sans-serif; font-size: 14px; padding: 10px 5px; overflow: hidden; word-break: normal; color: #333; background-color: #fff; font-weight: bold; text-align: center; vertical-align: top; border: 0px solid inherit;\">Adam Kubina<\/td>\n<td style=\"font-family: Arial, sans-serif; font-size: 14px; padding: 10px 5px; overflow: hidden; word-break: normal; color: #333; background-color: #fff; font-weight: bold; text-align: center; vertical-align: top; border: 0px solid inherit;\">Lucka \u0160indelov\u00e1<\/td>\n<td style=\"font-family: Arial, sans-serif; font-size: 14px; padding: 10px 5px; overflow: hidden; word-break: normal; color: #333; background-color: #fff; font-weight: bold; text-align: center; vertical-align: top; border: 0px solid inherit;\">Dominik Klar<\/td>\n<td style=\"font-family: Arial, sans-serif; font-size: 14px; padding: 10px 5px; overflow: hidden; word-break: normal; color: #333; background-color: #fff; font-weight: bold; text-align: center; border: 0px solid inherit;\">\u0160t\u011bp\u00e1n \u0160\u00edpek<\/td>\n<\/tr>\n<\/tbody>\n<\/table>\n<p>&nbsp;<\/p>\n<p>Z\u00e1v\u011br turnaje byl dopln\u011bn posledn\u00edmi discipl\u00ednami olympi\u00e1dy &#8211; st\u0159elbou ze vzduchovky a odhadem 1 minuty.<\/p>\n<p><strong>Stupn\u011b v\u00edt\u011bz\u016f v atletick\u00e9 olympi\u00e1d\u011b:<\/strong><\/p>\n<style type=\"text\/css\">\n.tg  {border-collapse:collapse;border-spacing:0;border-color:#ccc;}<br \/>.tg td{font-family:Arial, sans-serif;font-size:14px;padding:10px 5px;border-style:solid;border-width:0px;overflow:hidden;word-break:normal;border-color:#ccc;color:#333;background-color:#fff;}<br \/>.tg th{font-family:Arial, sans-serif;font-size:14px;font-weight:normal;padding:10px 5px;border-style:solid;border-width:0px;overflow:hidden;word-break:normal;border-color:#ccc;color:#333;background-color:#f0f0f0;}<br \/>.tg .tg-88nc{font-weight:bold;border-color:inherit;text-align:center}<br \/>.tg .tg-c3ow{border-color:inherit;text-align:center;vertical-align:top}<br \/>.tg .tg-uys7{border-color:inherit;text-align:center}<br \/>.tg .tg-xldj{border-color:inherit;text-align:left}<br \/>.tg .tg-7btt{font-weight:bold;border-color:inherit;text-align:center;vertical-align:top}<br \/>.tg .tg-0pky{border-color:inherit;text-align:left;vertical-align:top}<br \/><\/style>\n<table class=\"tg\">\n<tbody>\n<tr>\n<th style=\"font-family: Arial, sans-serif; font-size: 14px; font-weight: normal; padding: 10px 5px; overflow: hidden; word-break: normal; color: #333; background-color: #f0f0f0; text-align: left; border: 0px solid inherit;\"><\/th>\n<th style=\"font-family: Arial, sans-serif; font-size: 14px; font-weight: normal; padding: 10px 5px; overflow: hidden; word-break: normal; color: #333; background-color: #f0f0f0; text-align: left; border: 0px solid inherit;\">Mal\u00ed<\/th>\n<th style=\"font-family: Arial, sans-serif; font-size: 14px; font-weight: normal; padding: 10px 5px; overflow: hidden; word-break: normal; color: #333; background-color: #f0f0f0; text-align: left; border: 0px solid inherit;\">V\u011bt\u0161\u00ed<\/th>\n<th style=\"font-family: Arial, sans-serif; font-size: 14px; font-weight: normal; padding: 10px 5px; overflow: hidden; word-break: normal; color: #333; background-color: #f0f0f0; text-align: left; border: 0px solid inherit;\">Velc\u00ed<\/th>\n<\/tr>\n<tr>\n<td class=\"tg-xldj\">1.<\/td>\n<td style=\"font-family: Arial, sans-serif; font-size: 14px; padding: 10px 5px; overflow: hidden; word-break: normal; color: #333; background-color: #fff; font-weight: bold; text-align: center; border: 0px solid inherit;\">Lenka \u0160indelov\u00e1<\/td>\n<td style=\"font-family: Arial, sans-serif; font-size: 14px; padding: 10px 5px; overflow: hidden; word-break: normal; color: #333; background-color: #fff; font-weight: bold; text-align: center; border: 0px solid inherit;\">Dominik Klar<\/td>\n<td style=\"font-family: Arial, sans-serif; font-size: 14px; padding: 10px 5px; overflow: hidden; word-break: normal; color: #333; background-color: #fff; font-weight: bold; text-align: center; border: 0px solid inherit;\">Jon\u00e1\u0161 Kop\u0159iva<\/td>\n<\/tr>\n<tr>\n<td class=\"tg-xldj\">2.<\/td>\n<td style=\"font-family: Arial, sans-serif; font-size: 14px; padding: 10px 5px; overflow: hidden; word-break: normal; color: #333; background-color: #fff; font-weight: bold; text-align: center; border: 0px solid inherit;\">Marek Leidolf<\/td>\n<td style=\"font-family: Arial, sans-serif; font-size: 14px; padding: 10px 5px; overflow: hidden; word-break: normal; color: #333; background-color: #fff; font-weight: bold; text-align: center; border: 0px solid inherit;\">Lukasz Bury<\/td>\n<td style=\"font-family: Arial, sans-serif; font-size: 14px; padding: 10px 5px; overflow: hidden; word-break: normal; color: #333; background-color: #fff; font-weight: bold; text-align: center; border: 0px solid inherit;\">V\u00edtek Stan\u011bk<\/td>\n<\/tr>\n<tr>\n<td class=\"tg-0pky\">3.<\/td>\n<td style=\"font-family: Arial, sans-serif; font-size: 14px; padding: 10px 5px; overflow: hidden; word-break: normal; color: #333; background-color: #fff; font-weight: bold; text-align: center; border: 0px solid inherit;\">Ondra Hruz\u00edk<\/td>\n<td style=\"font-family: Arial, sans-serif; font-size: 14px; padding: 10px 5px; overflow: hidden; word-break: normal; color: #333; background-color: #fff; font-weight: bold; text-align: center; border: 0px solid inherit;\">Tonda V\u00fdtisk<\/td>\n<td style=\"font-family: Arial, sans-serif; font-size: 14px; padding: 10px 5px; overflow: hidden; word-break: normal; color: #333; background-color: #fff; font-weight: bold; text-align: center; border: 0px solid inherit;\">Ondra Ko\u010dur<\/td>\n<\/tr>\n<\/tbody>\n<\/table>\n<p>&nbsp;<\/p>\n<hr \/>\n<p><strong>D\u011bkujeme v\u0161em d\u011btem za \u00fa\u010dast a te\u0161\u00edme se na p\u0159\u00ed\u0161t\u00ed rok!!<\/strong><\/p>\n","protected":false},"excerpt":{"rendered":"<p>V\u00fdsledky olympi\u00e1dy m\u016f\u017eete vid\u011bt zde: olympi\u00e1da.pdf. Pond\u011bl\u00ed Dne\u0161n\u00edm dopolednem za\u010dalo tenisov\u00e9 soust\u0159ed\u011bn\u00ed. Po dne\u0161n\u00edm \u00favodn\u00edm prvn\u00edm n\u00e1stupu za\u010dal velice kr\u00e1tk\u00fd dopoledn\u00ed program, ve kter\u00e9m m\u011bly n\u011bkter\u00e9 d\u011bti mo\u017enost se vykoupat nebo si zahr\u00e1t tenis. Po vydatn\u00e9m ob\u011bd\u011b a odpoledn\u00ed pauze &hellip; <a href=\"https:\/\/www.tenisdolnilhota.cz\/index.php\/2020\/08\/20\/letni-soustredeni-2020\/\">Continued<\/a><\/p>\n","protected":false},"author":2,"featured_media":0,"comment_status":"closed","ping_status":"open","sticky":false,"template":"","format":"standard","meta":{"_uag_custom_page_level_css":"","_monsterinsights_skip_tracking":false,"_monsterinsights_sitenote_active":false,"_monsterinsights_sitenote_note":"","_monsterinsights_sitenote_category":0,"footnotes":""},"categories":[1],"tags":[],"class_list":["post-3343","post","type-post","status-publish","format-standard","hentry","category-nezarazene"],"yoast_head":"<!-- This site is optimized with the Yoast SEO plugin v23.4 - https:\/\/yoast.com\/wordpress\/plugins\/seo\/ -->\n<title>Letn\u00ed soust\u0159ed\u011bn\u00ed 2020 - Tenisov\u00fd odd\u00edl - TJ SOKOL Doln\u00ed Lhota<\/title>\n<meta name=\"robots\" content=\"index, follow, max-snippet:-1, max-image-preview:large, max-video-preview:-1\" \/>\n<link rel=\"canonical\" href=\"https:\/\/www.tenisdolnilhota.cz\/index.php\/2020\/08\/20\/letni-soustredeni-2020\/\" \/>\n<meta property=\"og:locale\" content=\"cs_CZ\" \/>\n<meta property=\"og:type\" content=\"article\" \/>\n<meta property=\"og:title\" content=\"Letn\u00ed soust\u0159ed\u011bn\u00ed 2020 - Tenisov\u00fd odd\u00edl - TJ SOKOL Doln\u00ed Lhota\" \/>\n<meta property=\"og:description\" content=\"V\u00fdsledky olympi\u00e1dy m\u016f\u017eete vid\u011bt zde: olympi\u00e1da.pdf. Pond\u011bl\u00ed Dne\u0161n\u00edm dopolednem za\u010dalo tenisov\u00e9 soust\u0159ed\u011bn\u00ed. Po dne\u0161n\u00edm \u00favodn\u00edm prvn\u00edm n\u00e1stupu za\u010dal velice kr\u00e1tk\u00fd dopoledn\u00ed program, ve kter\u00e9m m\u011bly n\u011bkter\u00e9 d\u011bti mo\u017enost se vykoupat nebo si zahr\u00e1t tenis. Po vydatn\u00e9m ob\u011bd\u011b a odpoledn\u00ed pauze &hellip; Continued\" \/>\n<meta property=\"og:url\" content=\"https:\/\/www.tenisdolnilhota.cz\/index.php\/2020\/08\/20\/letni-soustredeni-2020\/\" \/>\n<meta property=\"og:site_name\" content=\"Tenisov\u00fd odd\u00edl - TJ SOKOL Doln\u00ed Lhota\" \/>\n<meta property=\"article:published_time\" content=\"2020-08-20T17:27:13+00:00\" \/>\n<meta property=\"article:modified_time\" content=\"2025-11-01T19:49:59+00:00\" \/>\n<meta property=\"og:image\" content=\"http:\/\/www.tenisdolnilhota.cz\/wp-content\/uploads\/2020\/08\/P1046499.jpg\" \/>\n<meta name=\"author\" content=\"Michal Opat\" \/>\n<meta name=\"twitter:card\" content=\"summary_large_image\" \/>\n<meta name=\"twitter:label1\" content=\"Napsal(a)\" \/>\n\t<meta name=\"twitter:data1\" content=\"Michal Opat\" \/>\n\t<meta name=\"twitter:label2\" content=\"Odhadovan\u00e1 doba \u010dten\u00ed\" \/>\n\t<meta name=\"twitter:data2\" content=\"4 minuty\" \/>\n<script type=\"application\/ld+json\" class=\"yoast-schema-graph\">{\"@context\":\"https:\/\/schema.org\",\"@graph\":[{\"@type\":\"WebPage\",\"@id\":\"https:\/\/www.tenisdolnilhota.cz\/index.php\/2020\/08\/20\/letni-soustredeni-2020\/\",\"url\":\"https:\/\/www.tenisdolnilhota.cz\/index.php\/2020\/08\/20\/letni-soustredeni-2020\/\",\"name\":\"Letn\u00ed soust\u0159ed\u011bn\u00ed 2020 - Tenisov\u00fd odd\u00edl - TJ SOKOL Doln\u00ed Lhota\",\"isPartOf\":{\"@id\":\"https:\/\/www.tenisdolnilhota.cz\/#website\"},\"primaryImageOfPage\":{\"@id\":\"https:\/\/www.tenisdolnilhota.cz\/index.php\/2020\/08\/20\/letni-soustredeni-2020\/#primaryimage\"},\"image\":{\"@id\":\"https:\/\/www.tenisdolnilhota.cz\/index.php\/2020\/08\/20\/letni-soustredeni-2020\/#primaryimage\"},\"thumbnailUrl\":\"http:\/\/www.tenisdolnilhota.cz\/wp-content\/uploads\/2020\/08\/P1046499.jpg\",\"datePublished\":\"2020-08-20T17:27:13+00:00\",\"dateModified\":\"2025-11-01T19:49:59+00:00\",\"author\":{\"@id\":\"https:\/\/www.tenisdolnilhota.cz\/#\/schema\/person\/c9a0efabb5774a77811e431d252b6692\"},\"breadcrumb\":{\"@id\":\"https:\/\/www.tenisdolnilhota.cz\/index.php\/2020\/08\/20\/letni-soustredeni-2020\/#breadcrumb\"},\"inLanguage\":\"cs\",\"potentialAction\":[{\"@type\":\"ReadAction\",\"target\":[\"https:\/\/www.tenisdolnilhota.cz\/index.php\/2020\/08\/20\/letni-soustredeni-2020\/\"]}]},{\"@type\":\"ImageObject\",\"inLanguage\":\"cs\",\"@id\":\"https:\/\/www.tenisdolnilhota.cz\/index.php\/2020\/08\/20\/letni-soustredeni-2020\/#primaryimage\",\"url\":\"https:\/\/www.tenisdolnilhota.cz\/wp-content\/uploads\/2020\/08\/P1046499.jpg\",\"contentUrl\":\"https:\/\/www.tenisdolnilhota.cz\/wp-content\/uploads\/2020\/08\/P1046499.jpg\",\"width\":1080,\"height\":1440},{\"@type\":\"BreadcrumbList\",\"@id\":\"https:\/\/www.tenisdolnilhota.cz\/index.php\/2020\/08\/20\/letni-soustredeni-2020\/#breadcrumb\",\"itemListElement\":[{\"@type\":\"ListItem\",\"position\":1,\"name\":\"Dom\u016f\",\"item\":\"https:\/\/www.tenisdolnilhota.cz\/\"},{\"@type\":\"ListItem\",\"position\":2,\"name\":\"Letn\u00ed soust\u0159ed\u011bn\u00ed 2020\"}]},{\"@type\":\"WebSite\",\"@id\":\"https:\/\/www.tenisdolnilhota.cz\/#website\",\"url\":\"https:\/\/www.tenisdolnilhota.cz\/\",\"name\":\"Tenisov\u00fd odd\u00edl - TJ SOKOL Doln\u00ed Lhota\",\"description\":\"\",\"potentialAction\":[{\"@type\":\"SearchAction\",\"target\":{\"@type\":\"EntryPoint\",\"urlTemplate\":\"https:\/\/www.tenisdolnilhota.cz\/?s={search_term_string}\"},\"query-input\":{\"@type\":\"PropertyValueSpecification\",\"valueRequired\":true,\"valueName\":\"search_term_string\"}}],\"inLanguage\":\"cs\"},{\"@type\":\"Person\",\"@id\":\"https:\/\/www.tenisdolnilhota.cz\/#\/schema\/person\/c9a0efabb5774a77811e431d252b6692\",\"name\":\"Michal Opat\",\"image\":{\"@type\":\"ImageObject\",\"inLanguage\":\"cs\",\"@id\":\"https:\/\/www.tenisdolnilhota.cz\/#\/schema\/person\/image\/\",\"url\":\"https:\/\/secure.gravatar.com\/avatar\/789ecf4063104b7f91c07189427c4ffef83787512bf300a486d1a79f667b756e?s=96&d=mm&r=g\",\"contentUrl\":\"https:\/\/secure.gravatar.com\/avatar\/789ecf4063104b7f91c07189427c4ffef83787512bf300a486d1a79f667b756e?s=96&d=mm&r=g\",\"caption\":\"Michal Opat\"}}]}<\/script>\n<!-- \/ Yoast SEO plugin. -->","yoast_head_json":{"title":"Letn\u00ed soust\u0159ed\u011bn\u00ed 2020 - Tenisov\u00fd odd\u00edl - TJ SOKOL Doln\u00ed Lhota","robots":{"index":"index","follow":"follow","max-snippet":"max-snippet:-1","max-image-preview":"max-image-preview:large","max-video-preview":"max-video-preview:-1"},"canonical":"https:\/\/www.tenisdolnilhota.cz\/index.php\/2020\/08\/20\/letni-soustredeni-2020\/","og_locale":"cs_CZ","og_type":"article","og_title":"Letn\u00ed soust\u0159ed\u011bn\u00ed 2020 - Tenisov\u00fd odd\u00edl - TJ SOKOL Doln\u00ed Lhota","og_description":"V\u00fdsledky olympi\u00e1dy m\u016f\u017eete vid\u011bt zde: olympi\u00e1da.pdf. Pond\u011bl\u00ed Dne\u0161n\u00edm dopolednem za\u010dalo tenisov\u00e9 soust\u0159ed\u011bn\u00ed. Po dne\u0161n\u00edm \u00favodn\u00edm prvn\u00edm n\u00e1stupu za\u010dal velice kr\u00e1tk\u00fd dopoledn\u00ed program, ve kter\u00e9m m\u011bly n\u011bkter\u00e9 d\u011bti mo\u017enost se vykoupat nebo si zahr\u00e1t tenis. Po vydatn\u00e9m ob\u011bd\u011b a odpoledn\u00ed pauze &hellip; Continued","og_url":"https:\/\/www.tenisdolnilhota.cz\/index.php\/2020\/08\/20\/letni-soustredeni-2020\/","og_site_name":"Tenisov\u00fd odd\u00edl - TJ SOKOL Doln\u00ed Lhota","article_published_time":"2020-08-20T17:27:13+00:00","article_modified_time":"2025-11-01T19:49:59+00:00","og_image":[{"url":"http:\/\/www.tenisdolnilhota.cz\/wp-content\/uploads\/2020\/08\/P1046499.jpg"}],"author":"Michal Opat","twitter_card":"summary_large_image","twitter_misc":{"Napsal(a)":"Michal Opat","Odhadovan\u00e1 doba \u010dten\u00ed":"4 minuty"},"schema":{"@context":"https:\/\/schema.org","@graph":[{"@type":"WebPage","@id":"https:\/\/www.tenisdolnilhota.cz\/index.php\/2020\/08\/20\/letni-soustredeni-2020\/","url":"https:\/\/www.tenisdolnilhota.cz\/index.php\/2020\/08\/20\/letni-soustredeni-2020\/","name":"Letn\u00ed soust\u0159ed\u011bn\u00ed 2020 - Tenisov\u00fd odd\u00edl - TJ SOKOL Doln\u00ed Lhota","isPartOf":{"@id":"https:\/\/www.tenisdolnilhota.cz\/#website"},"primaryImageOfPage":{"@id":"https:\/\/www.tenisdolnilhota.cz\/index.php\/2020\/08\/20\/letni-soustredeni-2020\/#primaryimage"},"image":{"@id":"https:\/\/www.tenisdolnilhota.cz\/index.php\/2020\/08\/20\/letni-soustredeni-2020\/#primaryimage"},"thumbnailUrl":"http:\/\/www.tenisdolnilhota.cz\/wp-content\/uploads\/2020\/08\/P1046499.jpg","datePublished":"2020-08-20T17:27:13+00:00","dateModified":"2025-11-01T19:49:59+00:00","author":{"@id":"https:\/\/www.tenisdolnilhota.cz\/#\/schema\/person\/c9a0efabb5774a77811e431d252b6692"},"breadcrumb":{"@id":"https:\/\/www.tenisdolnilhota.cz\/index.php\/2020\/08\/20\/letni-soustredeni-2020\/#breadcrumb"},"inLanguage":"cs","potentialAction":[{"@type":"ReadAction","target":["https:\/\/www.tenisdolnilhota.cz\/index.php\/2020\/08\/20\/letni-soustredeni-2020\/"]}]},{"@type":"ImageObject","inLanguage":"cs","@id":"https:\/\/www.tenisdolnilhota.cz\/index.php\/2020\/08\/20\/letni-soustredeni-2020\/#primaryimage","url":"https:\/\/www.tenisdolnilhota.cz\/wp-content\/uploads\/2020\/08\/P1046499.jpg","contentUrl":"https:\/\/www.tenisdolnilhota.cz\/wp-content\/uploads\/2020\/08\/P1046499.jpg","width":1080,"height":1440},{"@type":"BreadcrumbList","@id":"https:\/\/www.tenisdolnilhota.cz\/index.php\/2020\/08\/20\/letni-soustredeni-2020\/#breadcrumb","itemListElement":[{"@type":"ListItem","position":1,"name":"Dom\u016f","item":"https:\/\/www.tenisdolnilhota.cz\/"},{"@type":"ListItem","position":2,"name":"Letn\u00ed soust\u0159ed\u011bn\u00ed 2020"}]},{"@type":"WebSite","@id":"https:\/\/www.tenisdolnilhota.cz\/#website","url":"https:\/\/www.tenisdolnilhota.cz\/","name":"Tenisov\u00fd odd\u00edl - TJ SOKOL Doln\u00ed Lhota","description":"","potentialAction":[{"@type":"SearchAction","target":{"@type":"EntryPoint","urlTemplate":"https:\/\/www.tenisdolnilhota.cz\/?s={search_term_string}"},"query-input":{"@type":"PropertyValueSpecification","valueRequired":true,"valueName":"search_term_string"}}],"inLanguage":"cs"},{"@type":"Person","@id":"https:\/\/www.tenisdolnilhota.cz\/#\/schema\/person\/c9a0efabb5774a77811e431d252b6692","name":"Michal Opat","image":{"@type":"ImageObject","inLanguage":"cs","@id":"https:\/\/www.tenisdolnilhota.cz\/#\/schema\/person\/image\/","url":"https:\/\/secure.gravatar.com\/avatar\/789ecf4063104b7f91c07189427c4ffef83787512bf300a486d1a79f667b756e?s=96&d=mm&r=g","contentUrl":"https:\/\/secure.gravatar.com\/avatar\/789ecf4063104b7f91c07189427c4ffef83787512bf300a486d1a79f667b756e?s=96&d=mm&r=g","caption":"Michal Opat"}}]}},"uagb_featured_image_src":{"full":false,"thumbnail":false,"medium":false,"medium_large":false,"large":false,"1536x1536":false,"2048x2048":false,"widget-thumb":false,"sow-carousel-default":false},"uagb_author_info":{"display_name":"Michal Opat","author_link":"https:\/\/www.tenisdolnilhota.cz\/index.php\/author\/opat\/"},"uagb_comment_info":734,"uagb_excerpt":"V\u00fdsledky olympi\u00e1dy m\u016f\u017eete vid\u011bt zde: olympi\u00e1da.pdf. Pond\u011bl\u00ed Dne\u0161n\u00edm dopolednem za\u010dalo tenisov\u00e9 soust\u0159ed\u011bn\u00ed. Po dne\u0161n\u00edm \u00favodn\u00edm prvn\u00edm n\u00e1stupu za\u010dal velice kr\u00e1tk\u00fd dopoledn\u00ed program, ve kter\u00e9m m\u011bly n\u011bkter\u00e9 d\u011bti mo\u017enost se vykoupat nebo si zahr\u00e1t tenis. Po vydatn\u00e9m ob\u011bd\u011b a odpoledn\u00ed pauze &hellip; Continued","_links":{"self":[{"href":"https:\/\/www.tenisdolnilhota.cz\/index.php\/wp-json\/wp\/v2\/posts\/3343","targetHints":{"allow":["GET"]}}],"collection":[{"href":"https:\/\/www.tenisdolnilhota.cz\/index.php\/wp-json\/wp\/v2\/posts"}],"about":[{"href":"https:\/\/www.tenisdolnilhota.cz\/index.php\/wp-json\/wp\/v2\/types\/post"}],"author":[{"embeddable":true,"href":"https:\/\/www.tenisdolnilhota.cz\/index.php\/wp-json\/wp\/v2\/users\/2"}],"replies":[{"embeddable":true,"href":"https:\/\/www.tenisdolnilhota.cz\/index.php\/wp-json\/wp\/v2\/comments?post=3343"}],"version-history":[{"count":15,"href":"https:\/\/www.tenisdolnilhota.cz\/index.php\/wp-json\/wp\/v2\/posts\/3343\/revisions"}],"predecessor-version":[{"id":3835,"href":"https:\/\/www.tenisdolnilhota.cz\/index.php\/wp-json\/wp\/v2\/posts\/3343\/revisions\/3835"}],"wp:attachment":[{"href":"https:\/\/www.tenisdolnilhota.cz\/index.php\/wp-json\/wp\/v2\/media?parent=3343"}],"wp:term":[{"taxonomy":"category","embeddable":true,"href":"https:\/\/www.tenisdolnilhota.cz\/index.php\/wp-json\/wp\/v2\/categories?post=3343"},{"taxonomy":"post_tag","embeddable":true,"href":"https:\/\/www.tenisdolnilhota.cz\/index.php\/wp-json\/wp\/v2\/tags?post=3343"}],"curies":[{"name":"wp","href":"https:\/\/api.w.org\/{rel}","templated":true}]}}