{"id":2427,"date":"2019-05-20T19:59:00","date_gmt":"2019-05-20T17:59:00","guid":{"rendered":"http:\/\/www.tenisdolnilhota.cz\/?p=2427"},"modified":"2019-05-20T20:05:58","modified_gmt":"2019-05-20T18:05:58","slug":"vitezna-nedele-19-5","status":"publish","type":"post","link":"https:\/\/www.tenisdolnilhota.cz\/index.php\/2019\/05\/20\/vitezna-nedele-19-5\/","title":{"rendered":"V\u00edt\u011bzn\u00e1 ned\u011ble 19.5. na\u0161ich nejmlad\u0161\u00edch tenist\u016f!"},"content":{"rendered":"<p><strong>Ned\u011ble 19. kv\u011btna byla pro na\u0161e nejmen\u0161\u00ed tenisty velmi \u00fasp\u011b\u0161n\u00e1.<\/strong><\/p>\n<p>Ton\u00edk V\u00fdtisk vyrazil na turnaj jednotlivc\u016f v kategorii Baby tenisu na kurty nedalek\u00e9 Stud\u00e9nky. Turnaje se \u00fa\u010dastnilo celkem 14 mal\u00fdch tenist\u016f a n\u00e1\u0161 hr\u00e1\u010d bez v\u011bt\u0161\u00edho zav\u00e1h\u00e1n\u00ed pro\u0161el z\u00e1pasy z\u00e1kladn\u00ed skupiny i n\u00e1slednou vy\u0159azovac\u00ed \u010d\u00e1sti. Cel\u00fd turnaj tak vyhr\u00e1l!<\/p>\n<p><img loading=\"lazy\" decoding=\"async\" class=\"aligncenter wp-image-2430 size-full\" src=\"http:\/\/www.tenisdolnilhota.cz\/wp-content\/uploads\/2019\/05\/Jaro2019_4.jpg\" alt=\"\" width=\"526\" height=\"701\" srcset=\"https:\/\/www.tenisdolnilhota.cz\/wp-content\/uploads\/2019\/05\/Jaro2019_4.jpg 526w, https:\/\/www.tenisdolnilhota.cz\/wp-content\/uploads\/2019\/05\/Jaro2019_4-225x300.jpg 225w\" sizes=\"auto, (max-width: 526px) 100vw, 526px\" \/><\/p>\n<p>V Beskydech, Ra\u0161kovic\u00edch pokra\u010dovala odlo\u017een\u00fdm z\u00e1pasem sout\u011b\u017e dru\u017estev Baby tenisu. N\u00e1\u0161 t\u00fdm je pro tento ro\u010dn\u00edk kompletn\u011b omlazen a v\u0161ichni hr\u00e1\u010di hraj\u00ed svou prvn\u00ed sout\u011b\u017en\u00ed sez\u00f3nu. Potk\u00e1vaj\u00ed se tak v sout\u011b\u017ei v\u011bt\u0161inou se star\u0161\u00edmi soupe\u0159i. V dosavadn\u00edch z\u00e1pasech zat\u00edm sb\u00edrali \u00fasp\u011bchy v d\u00edl\u010d\u00edch hr\u00e1ch, ale cel\u00fd z\u00e1pas na body dosud nevyhr\u00e1li. Sv\u016fj prvn\u00ed triumf pr\u00e1v\u011b z\u00edskali v Ra\u0161kovic\u00edch kdy soupe\u0159e p\u0159ev\u00e1lcovali vysoko 9:1. V z\u00e1pase hr\u00e1li: Pep\u00edk V\u00fdtisk, Maty Opat, Adam Kubina, Ondra Hruz\u00edk a M\u00ed\u0161a Dost\u00e1l.<\/p>\n<p><img loading=\"lazy\" decoding=\"async\" class=\"aligncenter wp-image-2431 size-full\" src=\"http:\/\/www.tenisdolnilhota.cz\/wp-content\/uploads\/2019\/05\/Jaro2019_1.jpg\" alt=\"\" width=\"1024\" height=\"498\" srcset=\"https:\/\/www.tenisdolnilhota.cz\/wp-content\/uploads\/2019\/05\/Jaro2019_1.jpg 1024w, https:\/\/www.tenisdolnilhota.cz\/wp-content\/uploads\/2019\/05\/Jaro2019_1-300x146.jpg 300w, https:\/\/www.tenisdolnilhota.cz\/wp-content\/uploads\/2019\/05\/Jaro2019_1-768x374.jpg 768w\" sizes=\"auto, (max-width: 1024px) 100vw, 1024px\" \/><\/p>\n<p><img loading=\"lazy\" decoding=\"async\" class=\"aligncenter size-full wp-image-2432\" src=\"http:\/\/www.tenisdolnilhota.cz\/wp-content\/uploads\/2019\/05\/Jaro2019_2.jpg\" alt=\"\" width=\"373\" height=\"768\" srcset=\"https:\/\/www.tenisdolnilhota.cz\/wp-content\/uploads\/2019\/05\/Jaro2019_2.jpg 373w, https:\/\/www.tenisdolnilhota.cz\/wp-content\/uploads\/2019\/05\/Jaro2019_2-146x300.jpg 146w\" sizes=\"auto, (max-width: 373px) 100vw, 373px\" \/><\/p>\n<p>Sv\u016fj \u00fasp\u011bch n\u00e1sledn\u011b i spole\u010dn\u011b oslavili.<\/p>\n<p><img loading=\"lazy\" decoding=\"async\" class=\"aligncenter wp-image-2433 size-full\" src=\"http:\/\/www.tenisdolnilhota.cz\/wp-content\/uploads\/2019\/05\/Jaro2019_3.jpg\" alt=\"\" width=\"1024\" height=\"498\" srcset=\"https:\/\/www.tenisdolnilhota.cz\/wp-content\/uploads\/2019\/05\/Jaro2019_3.jpg 1024w, https:\/\/www.tenisdolnilhota.cz\/wp-content\/uploads\/2019\/05\/Jaro2019_3-300x146.jpg 300w, https:\/\/www.tenisdolnilhota.cz\/wp-content\/uploads\/2019\/05\/Jaro2019_3-768x374.jpg 768w\" sizes=\"auto, (max-width: 1024px) 100vw, 1024px\" \/><\/p>\n<p><strong>Ton\u00edkovi za v\u00edt\u011bzstv\u00ed v individu\u00e1ln\u00edm turnaji i kluk\u016fm za 1. v\u00edt\u011bzn\u00fd z\u00e1pas gratulujeme!<\/strong><\/p>\n","protected":false},"excerpt":{"rendered":"<p>Ned\u011ble 19. kv\u011btna byla pro na\u0161e nejmen\u0161\u00ed tenisty velmi \u00fasp\u011b\u0161n\u00e1. Ton\u00edk V\u00fdtisk vyrazil na turnaj jednotlivc\u016f v kategorii Baby tenisu na kurty nedalek\u00e9 Stud\u00e9nky. Turnaje se \u00fa\u010dastnilo celkem 14 mal\u00fdch tenist\u016f a n\u00e1\u0161 hr\u00e1\u010d bez v\u011bt\u0161\u00edho zav\u00e1h\u00e1n\u00ed pro\u0161el z\u00e1pasy z\u00e1kladn\u00ed &hellip; <a href=\"https:\/\/www.tenisdolnilhota.cz\/index.php\/2019\/05\/20\/vitezna-nedele-19-5\/\">Continued<\/a><\/p>\n","protected":false},"author":2,"featured_media":0,"comment_status":"closed","ping_status":"open","sticky":false,"template":"","format":"standard","meta":{"_uag_custom_page_level_css":"","_monsterinsights_skip_tracking":false,"_monsterinsights_sitenote_active":false,"_monsterinsights_sitenote_note":"","_monsterinsights_sitenote_category":0,"footnotes":""},"categories":[1],"tags":[],"class_list":["post-2427","post","type-post","status-publish","format-standard","hentry","category-nezarazene"],"yoast_head":"<!-- This site is optimized with the Yoast SEO plugin v23.4 - https:\/\/yoast.com\/wordpress\/plugins\/seo\/ -->\n<title>V\u00edt\u011bzn\u00e1 ned\u011ble 19.5. na\u0161ich nejmlad\u0161\u00edch tenist\u016f! - Tenisov\u00fd odd\u00edl - TJ SOKOL Doln\u00ed Lhota<\/title>\n<meta name=\"robots\" content=\"index, follow, max-snippet:-1, max-image-preview:large, max-video-preview:-1\" \/>\n<link rel=\"canonical\" href=\"https:\/\/www.tenisdolnilhota.cz\/index.php\/2019\/05\/20\/vitezna-nedele-19-5\/\" \/>\n<meta property=\"og:locale\" content=\"cs_CZ\" \/>\n<meta property=\"og:type\" content=\"article\" \/>\n<meta property=\"og:title\" content=\"V\u00edt\u011bzn\u00e1 ned\u011ble 19.5. na\u0161ich nejmlad\u0161\u00edch tenist\u016f! - Tenisov\u00fd odd\u00edl - TJ SOKOL Doln\u00ed Lhota\" \/>\n<meta property=\"og:description\" content=\"Ned\u011ble 19. kv\u011btna byla pro na\u0161e nejmen\u0161\u00ed tenisty velmi \u00fasp\u011b\u0161n\u00e1. Ton\u00edk V\u00fdtisk vyrazil na turnaj jednotlivc\u016f v kategorii Baby tenisu na kurty nedalek\u00e9 Stud\u00e9nky. Turnaje se \u00fa\u010dastnilo celkem 14 mal\u00fdch tenist\u016f a n\u00e1\u0161 hr\u00e1\u010d bez v\u011bt\u0161\u00edho zav\u00e1h\u00e1n\u00ed pro\u0161el z\u00e1pasy z\u00e1kladn\u00ed &hellip; Continued\" \/>\n<meta property=\"og:url\" content=\"https:\/\/www.tenisdolnilhota.cz\/index.php\/2019\/05\/20\/vitezna-nedele-19-5\/\" \/>\n<meta property=\"og:site_name\" content=\"Tenisov\u00fd odd\u00edl - TJ SOKOL Doln\u00ed Lhota\" \/>\n<meta property=\"article:published_time\" content=\"2019-05-20T17:59:00+00:00\" \/>\n<meta property=\"article:modified_time\" content=\"2019-05-20T18:05:58+00:00\" \/>\n<meta property=\"og:image\" content=\"http:\/\/www.tenisdolnilhota.cz\/wp-content\/uploads\/2019\/05\/Jaro2019_4.jpg\" \/>\n<meta name=\"author\" content=\"Michal Opat\" \/>\n<meta name=\"twitter:card\" content=\"summary_large_image\" \/>\n<meta name=\"twitter:label1\" content=\"Napsal(a)\" \/>\n\t<meta name=\"twitter:data1\" content=\"Michal Opat\" \/>\n\t<meta name=\"twitter:label2\" content=\"Odhadovan\u00e1 doba \u010dten\u00ed\" \/>\n\t<meta name=\"twitter:data2\" content=\"1 minuta\" \/>\n<script type=\"application\/ld+json\" class=\"yoast-schema-graph\">{\"@context\":\"https:\/\/schema.org\",\"@graph\":[{\"@type\":\"WebPage\",\"@id\":\"https:\/\/www.tenisdolnilhota.cz\/index.php\/2019\/05\/20\/vitezna-nedele-19-5\/\",\"url\":\"https:\/\/www.tenisdolnilhota.cz\/index.php\/2019\/05\/20\/vitezna-nedele-19-5\/\",\"name\":\"V\u00edt\u011bzn\u00e1 ned\u011ble 19.5. na\u0161ich nejmlad\u0161\u00edch tenist\u016f! - Tenisov\u00fd odd\u00edl - TJ SOKOL Doln\u00ed Lhota\",\"isPartOf\":{\"@id\":\"https:\/\/www.tenisdolnilhota.cz\/#website\"},\"primaryImageOfPage\":{\"@id\":\"https:\/\/www.tenisdolnilhota.cz\/index.php\/2019\/05\/20\/vitezna-nedele-19-5\/#primaryimage\"},\"image\":{\"@id\":\"https:\/\/www.tenisdolnilhota.cz\/index.php\/2019\/05\/20\/vitezna-nedele-19-5\/#primaryimage\"},\"thumbnailUrl\":\"http:\/\/www.tenisdolnilhota.cz\/wp-content\/uploads\/2019\/05\/Jaro2019_4.jpg\",\"datePublished\":\"2019-05-20T17:59:00+00:00\",\"dateModified\":\"2019-05-20T18:05:58+00:00\",\"author\":{\"@id\":\"https:\/\/www.tenisdolnilhota.cz\/#\/schema\/person\/c9a0efabb5774a77811e431d252b6692\"},\"breadcrumb\":{\"@id\":\"https:\/\/www.tenisdolnilhota.cz\/index.php\/2019\/05\/20\/vitezna-nedele-19-5\/#breadcrumb\"},\"inLanguage\":\"cs\",\"potentialAction\":[{\"@type\":\"ReadAction\",\"target\":[\"https:\/\/www.tenisdolnilhota.cz\/index.php\/2019\/05\/20\/vitezna-nedele-19-5\/\"]}]},{\"@type\":\"ImageObject\",\"inLanguage\":\"cs\",\"@id\":\"https:\/\/www.tenisdolnilhota.cz\/index.php\/2019\/05\/20\/vitezna-nedele-19-5\/#primaryimage\",\"url\":\"https:\/\/www.tenisdolnilhota.cz\/wp-content\/uploads\/2019\/05\/Jaro2019_4.jpg\",\"contentUrl\":\"https:\/\/www.tenisdolnilhota.cz\/wp-content\/uploads\/2019\/05\/Jaro2019_4.jpg\",\"width\":526,\"height\":701},{\"@type\":\"BreadcrumbList\",\"@id\":\"https:\/\/www.tenisdolnilhota.cz\/index.php\/2019\/05\/20\/vitezna-nedele-19-5\/#breadcrumb\",\"itemListElement\":[{\"@type\":\"ListItem\",\"position\":1,\"name\":\"Dom\u016f\",\"item\":\"https:\/\/www.tenisdolnilhota.cz\/\"},{\"@type\":\"ListItem\",\"position\":2,\"name\":\"V\u00edt\u011bzn\u00e1 ned\u011ble 19.5. na\u0161ich nejmlad\u0161\u00edch tenist\u016f!\"}]},{\"@type\":\"WebSite\",\"@id\":\"https:\/\/www.tenisdolnilhota.cz\/#website\",\"url\":\"https:\/\/www.tenisdolnilhota.cz\/\",\"name\":\"Tenisov\u00fd odd\u00edl - TJ SOKOL Doln\u00ed Lhota\",\"description\":\"\",\"potentialAction\":[{\"@type\":\"SearchAction\",\"target\":{\"@type\":\"EntryPoint\",\"urlTemplate\":\"https:\/\/www.tenisdolnilhota.cz\/?s={search_term_string}\"},\"query-input\":{\"@type\":\"PropertyValueSpecification\",\"valueRequired\":true,\"valueName\":\"search_term_string\"}}],\"inLanguage\":\"cs\"},{\"@type\":\"Person\",\"@id\":\"https:\/\/www.tenisdolnilhota.cz\/#\/schema\/person\/c9a0efabb5774a77811e431d252b6692\",\"name\":\"Michal Opat\",\"image\":{\"@type\":\"ImageObject\",\"inLanguage\":\"cs\",\"@id\":\"https:\/\/www.tenisdolnilhota.cz\/#\/schema\/person\/image\/\",\"url\":\"https:\/\/secure.gravatar.com\/avatar\/789ecf4063104b7f91c07189427c4ffef83787512bf300a486d1a79f667b756e?s=96&d=mm&r=g\",\"contentUrl\":\"https:\/\/secure.gravatar.com\/avatar\/789ecf4063104b7f91c07189427c4ffef83787512bf300a486d1a79f667b756e?s=96&d=mm&r=g\",\"caption\":\"Michal Opat\"}}]}<\/script>\n<!-- \/ Yoast SEO plugin. -->","yoast_head_json":{"title":"V\u00edt\u011bzn\u00e1 ned\u011ble 19.5. na\u0161ich nejmlad\u0161\u00edch tenist\u016f! - Tenisov\u00fd odd\u00edl - TJ SOKOL Doln\u00ed Lhota","robots":{"index":"index","follow":"follow","max-snippet":"max-snippet:-1","max-image-preview":"max-image-preview:large","max-video-preview":"max-video-preview:-1"},"canonical":"https:\/\/www.tenisdolnilhota.cz\/index.php\/2019\/05\/20\/vitezna-nedele-19-5\/","og_locale":"cs_CZ","og_type":"article","og_title":"V\u00edt\u011bzn\u00e1 ned\u011ble 19.5. na\u0161ich nejmlad\u0161\u00edch tenist\u016f! - Tenisov\u00fd odd\u00edl - TJ SOKOL Doln\u00ed Lhota","og_description":"Ned\u011ble 19. kv\u011btna byla pro na\u0161e nejmen\u0161\u00ed tenisty velmi \u00fasp\u011b\u0161n\u00e1. Ton\u00edk V\u00fdtisk vyrazil na turnaj jednotlivc\u016f v kategorii Baby tenisu na kurty nedalek\u00e9 Stud\u00e9nky. Turnaje se \u00fa\u010dastnilo celkem 14 mal\u00fdch tenist\u016f a n\u00e1\u0161 hr\u00e1\u010d bez v\u011bt\u0161\u00edho zav\u00e1h\u00e1n\u00ed pro\u0161el z\u00e1pasy z\u00e1kladn\u00ed &hellip; Continued","og_url":"https:\/\/www.tenisdolnilhota.cz\/index.php\/2019\/05\/20\/vitezna-nedele-19-5\/","og_site_name":"Tenisov\u00fd odd\u00edl - TJ SOKOL Doln\u00ed Lhota","article_published_time":"2019-05-20T17:59:00+00:00","article_modified_time":"2019-05-20T18:05:58+00:00","og_image":[{"url":"http:\/\/www.tenisdolnilhota.cz\/wp-content\/uploads\/2019\/05\/Jaro2019_4.jpg"}],"author":"Michal Opat","twitter_card":"summary_large_image","twitter_misc":{"Napsal(a)":"Michal Opat","Odhadovan\u00e1 doba \u010dten\u00ed":"1 minuta"},"schema":{"@context":"https:\/\/schema.org","@graph":[{"@type":"WebPage","@id":"https:\/\/www.tenisdolnilhota.cz\/index.php\/2019\/05\/20\/vitezna-nedele-19-5\/","url":"https:\/\/www.tenisdolnilhota.cz\/index.php\/2019\/05\/20\/vitezna-nedele-19-5\/","name":"V\u00edt\u011bzn\u00e1 ned\u011ble 19.5. na\u0161ich nejmlad\u0161\u00edch tenist\u016f! - Tenisov\u00fd odd\u00edl - TJ SOKOL Doln\u00ed Lhota","isPartOf":{"@id":"https:\/\/www.tenisdolnilhota.cz\/#website"},"primaryImageOfPage":{"@id":"https:\/\/www.tenisdolnilhota.cz\/index.php\/2019\/05\/20\/vitezna-nedele-19-5\/#primaryimage"},"image":{"@id":"https:\/\/www.tenisdolnilhota.cz\/index.php\/2019\/05\/20\/vitezna-nedele-19-5\/#primaryimage"},"thumbnailUrl":"http:\/\/www.tenisdolnilhota.cz\/wp-content\/uploads\/2019\/05\/Jaro2019_4.jpg","datePublished":"2019-05-20T17:59:00+00:00","dateModified":"2019-05-20T18:05:58+00:00","author":{"@id":"https:\/\/www.tenisdolnilhota.cz\/#\/schema\/person\/c9a0efabb5774a77811e431d252b6692"},"breadcrumb":{"@id":"https:\/\/www.tenisdolnilhota.cz\/index.php\/2019\/05\/20\/vitezna-nedele-19-5\/#breadcrumb"},"inLanguage":"cs","potentialAction":[{"@type":"ReadAction","target":["https:\/\/www.tenisdolnilhota.cz\/index.php\/2019\/05\/20\/vitezna-nedele-19-5\/"]}]},{"@type":"ImageObject","inLanguage":"cs","@id":"https:\/\/www.tenisdolnilhota.cz\/index.php\/2019\/05\/20\/vitezna-nedele-19-5\/#primaryimage","url":"https:\/\/www.tenisdolnilhota.cz\/wp-content\/uploads\/2019\/05\/Jaro2019_4.jpg","contentUrl":"https:\/\/www.tenisdolnilhota.cz\/wp-content\/uploads\/2019\/05\/Jaro2019_4.jpg","width":526,"height":701},{"@type":"BreadcrumbList","@id":"https:\/\/www.tenisdolnilhota.cz\/index.php\/2019\/05\/20\/vitezna-nedele-19-5\/#breadcrumb","itemListElement":[{"@type":"ListItem","position":1,"name":"Dom\u016f","item":"https:\/\/www.tenisdolnilhota.cz\/"},{"@type":"ListItem","position":2,"name":"V\u00edt\u011bzn\u00e1 ned\u011ble 19.5. na\u0161ich nejmlad\u0161\u00edch tenist\u016f!"}]},{"@type":"WebSite","@id":"https:\/\/www.tenisdolnilhota.cz\/#website","url":"https:\/\/www.tenisdolnilhota.cz\/","name":"Tenisov\u00fd odd\u00edl - TJ SOKOL Doln\u00ed Lhota","description":"","potentialAction":[{"@type":"SearchAction","target":{"@type":"EntryPoint","urlTemplate":"https:\/\/www.tenisdolnilhota.cz\/?s={search_term_string}"},"query-input":{"@type":"PropertyValueSpecification","valueRequired":true,"valueName":"search_term_string"}}],"inLanguage":"cs"},{"@type":"Person","@id":"https:\/\/www.tenisdolnilhota.cz\/#\/schema\/person\/c9a0efabb5774a77811e431d252b6692","name":"Michal Opat","image":{"@type":"ImageObject","inLanguage":"cs","@id":"https:\/\/www.tenisdolnilhota.cz\/#\/schema\/person\/image\/","url":"https:\/\/secure.gravatar.com\/avatar\/789ecf4063104b7f91c07189427c4ffef83787512bf300a486d1a79f667b756e?s=96&d=mm&r=g","contentUrl":"https:\/\/secure.gravatar.com\/avatar\/789ecf4063104b7f91c07189427c4ffef83787512bf300a486d1a79f667b756e?s=96&d=mm&r=g","caption":"Michal Opat"}}]}},"uagb_featured_image_src":{"full":false,"thumbnail":false,"medium":false,"medium_large":false,"large":false,"1536x1536":false,"2048x2048":false,"widget-thumb":false,"sow-carousel-default":false},"uagb_author_info":{"display_name":"Michal Opat","author_link":"https:\/\/www.tenisdolnilhota.cz\/index.php\/author\/opat\/"},"uagb_comment_info":0,"uagb_excerpt":"Ned\u011ble 19. kv\u011btna byla pro na\u0161e nejmen\u0161\u00ed tenisty velmi \u00fasp\u011b\u0161n\u00e1. Ton\u00edk V\u00fdtisk vyrazil na turnaj jednotlivc\u016f v kategorii Baby tenisu na kurty nedalek\u00e9 Stud\u00e9nky. Turnaje se \u00fa\u010dastnilo celkem 14 mal\u00fdch tenist\u016f a n\u00e1\u0161 hr\u00e1\u010d bez v\u011bt\u0161\u00edho zav\u00e1h\u00e1n\u00ed pro\u0161el z\u00e1pasy z\u00e1kladn\u00ed &hellip; Continued","_links":{"self":[{"href":"https:\/\/www.tenisdolnilhota.cz\/index.php\/wp-json\/wp\/v2\/posts\/2427","targetHints":{"allow":["GET"]}}],"collection":[{"href":"https:\/\/www.tenisdolnilhota.cz\/index.php\/wp-json\/wp\/v2\/posts"}],"about":[{"href":"https:\/\/www.tenisdolnilhota.cz\/index.php\/wp-json\/wp\/v2\/types\/post"}],"author":[{"embeddable":true,"href":"https:\/\/www.tenisdolnilhota.cz\/index.php\/wp-json\/wp\/v2\/users\/2"}],"replies":[{"embeddable":true,"href":"https:\/\/www.tenisdolnilhota.cz\/index.php\/wp-json\/wp\/v2\/comments?post=2427"}],"version-history":[{"count":9,"href":"https:\/\/www.tenisdolnilhota.cz\/index.php\/wp-json\/wp\/v2\/posts\/2427\/revisions"}],"predecessor-version":[{"id":2440,"href":"https:\/\/www.tenisdolnilhota.cz\/index.php\/wp-json\/wp\/v2\/posts\/2427\/revisions\/2440"}],"wp:attachment":[{"href":"https:\/\/www.tenisdolnilhota.cz\/index.php\/wp-json\/wp\/v2\/media?parent=2427"}],"wp:term":[{"taxonomy":"category","embeddable":true,"href":"https:\/\/www.tenisdolnilhota.cz\/index.php\/wp-json\/wp\/v2\/categories?post=2427"},{"taxonomy":"post_tag","embeddable":true,"href":"https:\/\/www.tenisdolnilhota.cz\/index.php\/wp-json\/wp\/v2\/tags?post=2427"}],"curies":[{"name":"wp","href":"https:\/\/api.w.org\/{rel}","templated":true}]}}