{"id":1390,"date":"2018-08-21T18:13:33","date_gmt":"2018-08-21T16:13:33","guid":{"rendered":"http:\/\/www.tenisdolnilhota.cz\/?p=1390"},"modified":"2018-08-21T18:43:15","modified_gmt":"2018-08-21T16:43:15","slug":"trenersky-kurz-ii-tridy","status":"publish","type":"post","link":"https:\/\/www.tenisdolnilhota.cz\/index.php\/2018\/08\/21\/trenersky-kurz-ii-tridy\/","title":{"rendered":"Tren\u00e9rsk\u00fd kurz II. t\u0159\u00eddy"},"content":{"rendered":"<p><a href=\"http:\/\/www.tenisdolnilhota.cz\/wp-content\/uploads\/2018\/08\/Trenersky_kurz.jpg\"><img loading=\"lazy\" decoding=\"async\" class=\"wp-image-1400 size-medium alignleft\" src=\"http:\/\/www.tenisdolnilhota.cz\/wp-content\/uploads\/2018\/08\/Trenersky_kurz-300x225.jpg\" alt=\"\" width=\"300\" height=\"225\" srcset=\"https:\/\/www.tenisdolnilhota.cz\/wp-content\/uploads\/2018\/08\/Trenersky_kurz-300x225.jpg 300w, https:\/\/www.tenisdolnilhota.cz\/wp-content\/uploads\/2018\/08\/Trenersky_kurz-768x576.jpg 768w, https:\/\/www.tenisdolnilhota.cz\/wp-content\/uploads\/2018\/08\/Trenersky_kurz.jpg 1024w\" sizes=\"auto, (max-width: 300px) 100vw, 300px\" \/><\/a>V\u00a0m\u011bs\u00edc\u00edch kv\u011btnu a \u010dervnu roku 2018 absolvoval Ji\u0159\u00ed V\u00fdtisk akreditovan\u00fd kurz \u201eTren\u00e9r tenisu II. t\u0159\u00eddy\u201c. Kurz prob\u00edhal na dvorc\u00edch TK AGROFERT PROST\u011aJOV. Kurz byl organizov\u00e1n ve dvou rovin\u00e1ch a to teoretick\u00e9 p\u0159edn\u00e1\u0161ky (fyziologie, biomechanika, antropomotorika, psychologie, technika \u00fader\u016f, v\u00fd\u017eiva apod.) a praktick\u00e1 cvi\u010den\u00ed a tenisov\u00e9 dovednosti p\u0159\u00edmo na dvorci s\u00a0lektory a b\u00fdval\u00fdmi p\u0159edn\u00edmi hr\u00e1\u010di ATP (nap\u0159. Ji\u0159\u00ed Nov\u00e1k \u2013 nejlep\u0161\u00ed um\u00edst\u011bn\u00ed 5. hr\u00e1\u010d sv\u011bta).<\/p>\n<p>Kurz m\u011bl pom\u011brn\u011b \u0161irok\u00fd rozsah 50 hodin teoretick\u00fdch p\u0159edn\u00e1\u0161ek a 100 hodin praktick\u00fdch cvi\u010den\u00ed a byl zakon\u010den z\u00e1v\u011bre\u010dnou akreditovanou zkou\u0161kou pod z\u00e1\u0161titou \u010cesk\u00e9ho tenisov\u00e9ho svazu a to jak z\u00a0teoretick\u00e9, tak z\u00a0praktick\u00e9 \u010d\u00e1sti.<\/p>\n<p>Z\u00e1v\u011bre\u010dnou zkou\u0161ku jsem \u00fasp\u011b\u0161n\u011b v\u00a0obou \u010d\u00e1stech slo\u017eil a t\u011b\u0161\u00ed m\u011b, \u017ee se Va\u0161im d\u011btem mohu v\u011bnovat zase o n\u011bco l\u00e9pe a odborn\u011bji. Po kliknut\u00ed je mo\u017eno prohl\u00e9dnout si <a href=\"http:\/\/www.tenisdolnilhota.cz\/index.php\/jiri-vytisk\/\">tren\u00e9rsk\u00fd pr\u016fkaz<\/a> a <a href=\"http:\/\/www.tenisdolnilhota.cz\/wp-content\/uploads\/2018\/08\/Jiri_Vytisk_osvedceni.pdf\">osv\u011bd\u010den\u00ed<\/a>.<\/p>\n","protected":false},"excerpt":{"rendered":"<p>V\u00a0m\u011bs\u00edc\u00edch kv\u011btnu a \u010dervnu roku 2018 absolvoval Ji\u0159\u00ed V\u00fdtisk akreditovan\u00fd kurz \u201eTren\u00e9r tenisu II. t\u0159\u00eddy\u201c. Kurz prob\u00edhal na dvorc\u00edch TK AGROFERT PROST\u011aJOV. Kurz byl organizov\u00e1n ve dvou rovin\u00e1ch a to teoretick\u00e9 p\u0159edn\u00e1\u0161ky (fyziologie, biomechanika, antropomotorika, psychologie, technika \u00fader\u016f, v\u00fd\u017eiva apod.) &hellip; <a href=\"https:\/\/www.tenisdolnilhota.cz\/index.php\/2018\/08\/21\/trenersky-kurz-ii-tridy\/\">Continued<\/a><\/p>\n","protected":false},"author":2,"featured_media":0,"comment_status":"closed","ping_status":"open","sticky":false,"template":"","format":"standard","meta":{"_uag_custom_page_level_css":"","_monsterinsights_skip_tracking":false,"_monsterinsights_sitenote_active":false,"_monsterinsights_sitenote_note":"","_monsterinsights_sitenote_category":0,"footnotes":""},"categories":[1],"tags":[],"class_list":["post-1390","post","type-post","status-publish","format-standard","hentry","category-nezarazene"],"yoast_head":"<!-- This site is optimized with the Yoast SEO plugin v23.4 - https:\/\/yoast.com\/wordpress\/plugins\/seo\/ -->\n<title>Tren\u00e9rsk\u00fd kurz II. t\u0159\u00eddy - Tenisov\u00fd odd\u00edl - TJ SOKOL Doln\u00ed Lhota<\/title>\n<meta name=\"robots\" content=\"index, follow, max-snippet:-1, max-image-preview:large, max-video-preview:-1\" \/>\n<link rel=\"canonical\" href=\"https:\/\/www.tenisdolnilhota.cz\/index.php\/2018\/08\/21\/trenersky-kurz-ii-tridy\/\" \/>\n<meta property=\"og:locale\" content=\"cs_CZ\" \/>\n<meta property=\"og:type\" content=\"article\" \/>\n<meta property=\"og:title\" content=\"Tren\u00e9rsk\u00fd kurz II. t\u0159\u00eddy - Tenisov\u00fd odd\u00edl - TJ SOKOL Doln\u00ed Lhota\" \/>\n<meta property=\"og:description\" content=\"V\u00a0m\u011bs\u00edc\u00edch kv\u011btnu a \u010dervnu roku 2018 absolvoval Ji\u0159\u00ed V\u00fdtisk akreditovan\u00fd kurz \u201eTren\u00e9r tenisu II. t\u0159\u00eddy\u201c. Kurz prob\u00edhal na dvorc\u00edch TK AGROFERT PROST\u011aJOV. Kurz byl organizov\u00e1n ve dvou rovin\u00e1ch a to teoretick\u00e9 p\u0159edn\u00e1\u0161ky (fyziologie, biomechanika, antropomotorika, psychologie, technika \u00fader\u016f, v\u00fd\u017eiva apod.) &hellip; Continued\" \/>\n<meta property=\"og:url\" content=\"https:\/\/www.tenisdolnilhota.cz\/index.php\/2018\/08\/21\/trenersky-kurz-ii-tridy\/\" \/>\n<meta property=\"og:site_name\" content=\"Tenisov\u00fd odd\u00edl - TJ SOKOL Doln\u00ed Lhota\" \/>\n<meta property=\"article:published_time\" content=\"2018-08-21T16:13:33+00:00\" \/>\n<meta property=\"article:modified_time\" content=\"2018-08-21T16:43:15+00:00\" \/>\n<meta property=\"og:image\" content=\"http:\/\/www.tenisdolnilhota.cz\/wp-content\/uploads\/2018\/08\/Trenersky_kurz-300x225.jpg\" \/>\n<meta name=\"author\" content=\"Michal Opat\" \/>\n<meta name=\"twitter:card\" content=\"summary_large_image\" \/>\n<meta name=\"twitter:label1\" content=\"Napsal(a)\" \/>\n\t<meta name=\"twitter:data1\" content=\"Michal Opat\" \/>\n\t<meta name=\"twitter:label2\" content=\"Odhadovan\u00e1 doba \u010dten\u00ed\" \/>\n\t<meta name=\"twitter:data2\" content=\"1 minuta\" \/>\n<script type=\"application\/ld+json\" class=\"yoast-schema-graph\">{\"@context\":\"https:\/\/schema.org\",\"@graph\":[{\"@type\":\"WebPage\",\"@id\":\"https:\/\/www.tenisdolnilhota.cz\/index.php\/2018\/08\/21\/trenersky-kurz-ii-tridy\/\",\"url\":\"https:\/\/www.tenisdolnilhota.cz\/index.php\/2018\/08\/21\/trenersky-kurz-ii-tridy\/\",\"name\":\"Tren\u00e9rsk\u00fd kurz II. t\u0159\u00eddy - Tenisov\u00fd odd\u00edl - TJ SOKOL Doln\u00ed Lhota\",\"isPartOf\":{\"@id\":\"https:\/\/www.tenisdolnilhota.cz\/#website\"},\"primaryImageOfPage\":{\"@id\":\"https:\/\/www.tenisdolnilhota.cz\/index.php\/2018\/08\/21\/trenersky-kurz-ii-tridy\/#primaryimage\"},\"image\":{\"@id\":\"https:\/\/www.tenisdolnilhota.cz\/index.php\/2018\/08\/21\/trenersky-kurz-ii-tridy\/#primaryimage\"},\"thumbnailUrl\":\"http:\/\/www.tenisdolnilhota.cz\/wp-content\/uploads\/2018\/08\/Trenersky_kurz-300x225.jpg\",\"datePublished\":\"2018-08-21T16:13:33+00:00\",\"dateModified\":\"2018-08-21T16:43:15+00:00\",\"author\":{\"@id\":\"https:\/\/www.tenisdolnilhota.cz\/#\/schema\/person\/c9a0efabb5774a77811e431d252b6692\"},\"breadcrumb\":{\"@id\":\"https:\/\/www.tenisdolnilhota.cz\/index.php\/2018\/08\/21\/trenersky-kurz-ii-tridy\/#breadcrumb\"},\"inLanguage\":\"cs\",\"potentialAction\":[{\"@type\":\"ReadAction\",\"target\":[\"https:\/\/www.tenisdolnilhota.cz\/index.php\/2018\/08\/21\/trenersky-kurz-ii-tridy\/\"]}]},{\"@type\":\"ImageObject\",\"inLanguage\":\"cs\",\"@id\":\"https:\/\/www.tenisdolnilhota.cz\/index.php\/2018\/08\/21\/trenersky-kurz-ii-tridy\/#primaryimage\",\"url\":\"https:\/\/www.tenisdolnilhota.cz\/wp-content\/uploads\/2018\/08\/Trenersky_kurz.jpg\",\"contentUrl\":\"https:\/\/www.tenisdolnilhota.cz\/wp-content\/uploads\/2018\/08\/Trenersky_kurz.jpg\",\"width\":1024,\"height\":768},{\"@type\":\"BreadcrumbList\",\"@id\":\"https:\/\/www.tenisdolnilhota.cz\/index.php\/2018\/08\/21\/trenersky-kurz-ii-tridy\/#breadcrumb\",\"itemListElement\":[{\"@type\":\"ListItem\",\"position\":1,\"name\":\"Dom\u016f\",\"item\":\"https:\/\/www.tenisdolnilhota.cz\/\"},{\"@type\":\"ListItem\",\"position\":2,\"name\":\"Tren\u00e9rsk\u00fd kurz II. t\u0159\u00eddy\"}]},{\"@type\":\"WebSite\",\"@id\":\"https:\/\/www.tenisdolnilhota.cz\/#website\",\"url\":\"https:\/\/www.tenisdolnilhota.cz\/\",\"name\":\"Tenisov\u00fd odd\u00edl - TJ SOKOL Doln\u00ed Lhota\",\"description\":\"\",\"potentialAction\":[{\"@type\":\"SearchAction\",\"target\":{\"@type\":\"EntryPoint\",\"urlTemplate\":\"https:\/\/www.tenisdolnilhota.cz\/?s={search_term_string}\"},\"query-input\":{\"@type\":\"PropertyValueSpecification\",\"valueRequired\":true,\"valueName\":\"search_term_string\"}}],\"inLanguage\":\"cs\"},{\"@type\":\"Person\",\"@id\":\"https:\/\/www.tenisdolnilhota.cz\/#\/schema\/person\/c9a0efabb5774a77811e431d252b6692\",\"name\":\"Michal Opat\",\"image\":{\"@type\":\"ImageObject\",\"inLanguage\":\"cs\",\"@id\":\"https:\/\/www.tenisdolnilhota.cz\/#\/schema\/person\/image\/\",\"url\":\"https:\/\/secure.gravatar.com\/avatar\/789ecf4063104b7f91c07189427c4ffef83787512bf300a486d1a79f667b756e?s=96&d=mm&r=g\",\"contentUrl\":\"https:\/\/secure.gravatar.com\/avatar\/789ecf4063104b7f91c07189427c4ffef83787512bf300a486d1a79f667b756e?s=96&d=mm&r=g\",\"caption\":\"Michal Opat\"}}]}<\/script>\n<!-- \/ Yoast SEO plugin. -->","yoast_head_json":{"title":"Tren\u00e9rsk\u00fd kurz II. t\u0159\u00eddy - Tenisov\u00fd odd\u00edl - TJ SOKOL Doln\u00ed Lhota","robots":{"index":"index","follow":"follow","max-snippet":"max-snippet:-1","max-image-preview":"max-image-preview:large","max-video-preview":"max-video-preview:-1"},"canonical":"https:\/\/www.tenisdolnilhota.cz\/index.php\/2018\/08\/21\/trenersky-kurz-ii-tridy\/","og_locale":"cs_CZ","og_type":"article","og_title":"Tren\u00e9rsk\u00fd kurz II. t\u0159\u00eddy - Tenisov\u00fd odd\u00edl - TJ SOKOL Doln\u00ed Lhota","og_description":"V\u00a0m\u011bs\u00edc\u00edch kv\u011btnu a \u010dervnu roku 2018 absolvoval Ji\u0159\u00ed V\u00fdtisk akreditovan\u00fd kurz \u201eTren\u00e9r tenisu II. t\u0159\u00eddy\u201c. Kurz prob\u00edhal na dvorc\u00edch TK AGROFERT PROST\u011aJOV. Kurz byl organizov\u00e1n ve dvou rovin\u00e1ch a to teoretick\u00e9 p\u0159edn\u00e1\u0161ky (fyziologie, biomechanika, antropomotorika, psychologie, technika \u00fader\u016f, v\u00fd\u017eiva apod.) &hellip; Continued","og_url":"https:\/\/www.tenisdolnilhota.cz\/index.php\/2018\/08\/21\/trenersky-kurz-ii-tridy\/","og_site_name":"Tenisov\u00fd odd\u00edl - TJ SOKOL Doln\u00ed Lhota","article_published_time":"2018-08-21T16:13:33+00:00","article_modified_time":"2018-08-21T16:43:15+00:00","og_image":[{"url":"http:\/\/www.tenisdolnilhota.cz\/wp-content\/uploads\/2018\/08\/Trenersky_kurz-300x225.jpg"}],"author":"Michal Opat","twitter_card":"summary_large_image","twitter_misc":{"Napsal(a)":"Michal Opat","Odhadovan\u00e1 doba \u010dten\u00ed":"1 minuta"},"schema":{"@context":"https:\/\/schema.org","@graph":[{"@type":"WebPage","@id":"https:\/\/www.tenisdolnilhota.cz\/index.php\/2018\/08\/21\/trenersky-kurz-ii-tridy\/","url":"https:\/\/www.tenisdolnilhota.cz\/index.php\/2018\/08\/21\/trenersky-kurz-ii-tridy\/","name":"Tren\u00e9rsk\u00fd kurz II. t\u0159\u00eddy - Tenisov\u00fd odd\u00edl - TJ SOKOL Doln\u00ed Lhota","isPartOf":{"@id":"https:\/\/www.tenisdolnilhota.cz\/#website"},"primaryImageOfPage":{"@id":"https:\/\/www.tenisdolnilhota.cz\/index.php\/2018\/08\/21\/trenersky-kurz-ii-tridy\/#primaryimage"},"image":{"@id":"https:\/\/www.tenisdolnilhota.cz\/index.php\/2018\/08\/21\/trenersky-kurz-ii-tridy\/#primaryimage"},"thumbnailUrl":"http:\/\/www.tenisdolnilhota.cz\/wp-content\/uploads\/2018\/08\/Trenersky_kurz-300x225.jpg","datePublished":"2018-08-21T16:13:33+00:00","dateModified":"2018-08-21T16:43:15+00:00","author":{"@id":"https:\/\/www.tenisdolnilhota.cz\/#\/schema\/person\/c9a0efabb5774a77811e431d252b6692"},"breadcrumb":{"@id":"https:\/\/www.tenisdolnilhota.cz\/index.php\/2018\/08\/21\/trenersky-kurz-ii-tridy\/#breadcrumb"},"inLanguage":"cs","potentialAction":[{"@type":"ReadAction","target":["https:\/\/www.tenisdolnilhota.cz\/index.php\/2018\/08\/21\/trenersky-kurz-ii-tridy\/"]}]},{"@type":"ImageObject","inLanguage":"cs","@id":"https:\/\/www.tenisdolnilhota.cz\/index.php\/2018\/08\/21\/trenersky-kurz-ii-tridy\/#primaryimage","url":"https:\/\/www.tenisdolnilhota.cz\/wp-content\/uploads\/2018\/08\/Trenersky_kurz.jpg","contentUrl":"https:\/\/www.tenisdolnilhota.cz\/wp-content\/uploads\/2018\/08\/Trenersky_kurz.jpg","width":1024,"height":768},{"@type":"BreadcrumbList","@id":"https:\/\/www.tenisdolnilhota.cz\/index.php\/2018\/08\/21\/trenersky-kurz-ii-tridy\/#breadcrumb","itemListElement":[{"@type":"ListItem","position":1,"name":"Dom\u016f","item":"https:\/\/www.tenisdolnilhota.cz\/"},{"@type":"ListItem","position":2,"name":"Tren\u00e9rsk\u00fd kurz II. t\u0159\u00eddy"}]},{"@type":"WebSite","@id":"https:\/\/www.tenisdolnilhota.cz\/#website","url":"https:\/\/www.tenisdolnilhota.cz\/","name":"Tenisov\u00fd odd\u00edl - TJ SOKOL Doln\u00ed Lhota","description":"","potentialAction":[{"@type":"SearchAction","target":{"@type":"EntryPoint","urlTemplate":"https:\/\/www.tenisdolnilhota.cz\/?s={search_term_string}"},"query-input":{"@type":"PropertyValueSpecification","valueRequired":true,"valueName":"search_term_string"}}],"inLanguage":"cs"},{"@type":"Person","@id":"https:\/\/www.tenisdolnilhota.cz\/#\/schema\/person\/c9a0efabb5774a77811e431d252b6692","name":"Michal Opat","image":{"@type":"ImageObject","inLanguage":"cs","@id":"https:\/\/www.tenisdolnilhota.cz\/#\/schema\/person\/image\/","url":"https:\/\/secure.gravatar.com\/avatar\/789ecf4063104b7f91c07189427c4ffef83787512bf300a486d1a79f667b756e?s=96&d=mm&r=g","contentUrl":"https:\/\/secure.gravatar.com\/avatar\/789ecf4063104b7f91c07189427c4ffef83787512bf300a486d1a79f667b756e?s=96&d=mm&r=g","caption":"Michal Opat"}}]}},"uagb_featured_image_src":{"full":false,"thumbnail":false,"medium":false,"medium_large":false,"large":false,"1536x1536":false,"2048x2048":false,"widget-thumb":false,"sow-carousel-default":false},"uagb_author_info":{"display_name":"Michal Opat","author_link":"https:\/\/www.tenisdolnilhota.cz\/index.php\/author\/opat\/"},"uagb_comment_info":0,"uagb_excerpt":"V\u00a0m\u011bs\u00edc\u00edch kv\u011btnu a \u010dervnu roku 2018 absolvoval Ji\u0159\u00ed V\u00fdtisk akreditovan\u00fd kurz \u201eTren\u00e9r tenisu II. t\u0159\u00eddy\u201c. Kurz prob\u00edhal na dvorc\u00edch TK AGROFERT PROST\u011aJOV. Kurz byl organizov\u00e1n ve dvou rovin\u00e1ch a to teoretick\u00e9 p\u0159edn\u00e1\u0161ky (fyziologie, biomechanika, antropomotorika, psychologie, technika \u00fader\u016f, v\u00fd\u017eiva apod.) &hellip; Continued","_links":{"self":[{"href":"https:\/\/www.tenisdolnilhota.cz\/index.php\/wp-json\/wp\/v2\/posts\/1390","targetHints":{"allow":["GET"]}}],"collection":[{"href":"https:\/\/www.tenisdolnilhota.cz\/index.php\/wp-json\/wp\/v2\/posts"}],"about":[{"href":"https:\/\/www.tenisdolnilhota.cz\/index.php\/wp-json\/wp\/v2\/types\/post"}],"author":[{"embeddable":true,"href":"https:\/\/www.tenisdolnilhota.cz\/index.php\/wp-json\/wp\/v2\/users\/2"}],"replies":[{"embeddable":true,"href":"https:\/\/www.tenisdolnilhota.cz\/index.php\/wp-json\/wp\/v2\/comments?post=1390"}],"version-history":[{"count":8,"href":"https:\/\/www.tenisdolnilhota.cz\/index.php\/wp-json\/wp\/v2\/posts\/1390\/revisions"}],"predecessor-version":[{"id":1402,"href":"https:\/\/www.tenisdolnilhota.cz\/index.php\/wp-json\/wp\/v2\/posts\/1390\/revisions\/1402"}],"wp:attachment":[{"href":"https:\/\/www.tenisdolnilhota.cz\/index.php\/wp-json\/wp\/v2\/media?parent=1390"}],"wp:term":[{"taxonomy":"category","embeddable":true,"href":"https:\/\/www.tenisdolnilhota.cz\/index.php\/wp-json\/wp\/v2\/categories?post=1390"},{"taxonomy":"post_tag","embeddable":true,"href":"https:\/\/www.tenisdolnilhota.cz\/index.php\/wp-json\/wp\/v2\/tags?post=1390"}],"curies":[{"name":"wp","href":"https:\/\/api.w.org\/{rel}","templated":true}]}}