{"id":1368,"date":"2018-06-23T21:36:32","date_gmt":"2018-06-23T19:36:32","guid":{"rendered":"http:\/\/www.tenisdolnilhota.cz\/?p=1368"},"modified":"2018-06-25T19:55:01","modified_gmt":"2018-06-25T17:55:01","slug":"turnaj-jednotlivcu-babytenis-frydlant-nad-ostravici-2018","status":"publish","type":"post","link":"https:\/\/www.tenisdolnilhota.cz\/index.php\/2018\/06\/23\/turnaj-jednotlivcu-babytenis-frydlant-nad-ostravici-2018\/","title":{"rendered":"Turnaj jednotlivc\u016f &#8222;Babytenis &#8211; Fr\u00fddlant nad Ostravic\u00ed 2018&#8220;"},"content":{"rendered":"<p>Ton\u00edk V\u00fdtisk a M\u00ed\u0161a Opat se \u00fa\u010dastnili turnaje jednotlivc\u016f dne 23.6. 2018 ve Fr\u00fddlant\u011b nad Ostravic\u00ed.<\/p>\n<p>Po\u010das\u00ed n\u00e1m moc nep\u0159\u00e1lo, ale i p\u0159es \u0159adu p\u0159eru\u0161en\u00ed d\u00edky de\u0161\u0165ov\u00fdm p\u0159eh\u00e1\u0148k\u00e1m oba state\u010dn\u011b bojovali.<\/p>\n<p>Z\u00e1kladn\u00ed \u010d\u00e1st byla rozd\u011blena do dvou 6-\u010dlenn\u00fdch skupin a oba ho\u0161i (ka\u017ed\u00fd v jin\u00e9 skupin\u011b) se um\u00edstili na 3. m\u00edst\u011b, kter\u00e9 ale ji\u017e bohu\u017eel nebylo postupovou pozic\u00ed pro fin\u00e1lovou vy\u0159azovac\u00ed \u010d\u00e1st.<\/p>\n<p>Turnaj jednozna\u010dn\u011b ovl\u00e1dli dom\u00e1c\u00ed hr\u00e1\u010di z Fr\u00fddlantu, tak\u017ee z pohledu host\u016f se jednalo o velmi dobr\u00fd v\u00fdsledek.<\/p>\n<div id=\"kad-wp-gallery95\" class=\"kad-wp-gallery kad-light-wp-gallery clearfix kt-gallery-column-3 rowtight\"><div class=\"tcol-lg-4 tcol-md-4 tcol-sm-4 tcol-xs-6 tcol-ss-12 g_item\"><div class=\"grid_item kad_gallery_fade_in gallery_item\"><a href=\"https:\/\/www.tenisdolnilhota.cz\/wp-content\/uploads\/2018\/06\/Frydlant2018_6.jpg\" data-rel=\"lightbox\" class=\"lightboxhover\"><img loading=\"lazy\" decoding=\"async\" src=\"https:\/\/www.tenisdolnilhota.cz\/wp-content\/uploads\/2018\/06\/Frydlant2018_6-400x400.jpg\" width=\"400\" height=\"400\" alt=\"\" srcset=\"https:\/\/www.tenisdolnilhota.cz\/wp-content\/uploads\/2018\/06\/Frydlant2018_6-400x400.jpg 400w, https:\/\/www.tenisdolnilhota.cz\/wp-content\/uploads\/2018\/06\/Frydlant2018_6-150x150.jpg 150w\" sizes=\"auto, (max-width: 400px) 100vw, 400px\" class=\"light-dropshaddow\"\/><\/a><\/div><\/div><div class=\"tcol-lg-4 tcol-md-4 tcol-sm-4 tcol-xs-6 tcol-ss-12 g_item\"><div class=\"grid_item kad_gallery_fade_in gallery_item\"><a href=\"https:\/\/www.tenisdolnilhota.cz\/wp-content\/uploads\/2018\/06\/Frydlant2018_4.jpg\" data-rel=\"lightbox\" class=\"lightboxhover\"><img loading=\"lazy\" decoding=\"async\" src=\"https:\/\/www.tenisdolnilhota.cz\/wp-content\/uploads\/2018\/06\/Frydlant2018_4-400x400.jpg\" width=\"400\" height=\"400\" alt=\"\" srcset=\"https:\/\/www.tenisdolnilhota.cz\/wp-content\/uploads\/2018\/06\/Frydlant2018_4-400x400.jpg 400w, https:\/\/www.tenisdolnilhota.cz\/wp-content\/uploads\/2018\/06\/Frydlant2018_4-150x150.jpg 150w\" sizes=\"auto, (max-width: 400px) 100vw, 400px\" class=\"light-dropshaddow\"\/><\/a><\/div><\/div><div class=\"tcol-lg-4 tcol-md-4 tcol-sm-4 tcol-xs-6 tcol-ss-12 g_item\"><div class=\"grid_item kad_gallery_fade_in gallery_item\"><a href=\"https:\/\/www.tenisdolnilhota.cz\/wp-content\/uploads\/2018\/06\/Frydlant2018_3.jpg\" data-rel=\"lightbox\" class=\"lightboxhover\"><img loading=\"lazy\" decoding=\"async\" src=\"https:\/\/www.tenisdolnilhota.cz\/wp-content\/uploads\/2018\/06\/Frydlant2018_3-400x400.jpg\" width=\"400\" height=\"400\" alt=\"\" srcset=\"https:\/\/www.tenisdolnilhota.cz\/wp-content\/uploads\/2018\/06\/Frydlant2018_3-400x400.jpg 400w, https:\/\/www.tenisdolnilhota.cz\/wp-content\/uploads\/2018\/06\/Frydlant2018_3-150x150.jpg 150w\" sizes=\"auto, (max-width: 400px) 100vw, 400px\" class=\"light-dropshaddow\"\/><\/a><\/div><\/div><\/div>\n","protected":false},"excerpt":{"rendered":"<p>Ton\u00edk V\u00fdtisk a M\u00ed\u0161a Opat se \u00fa\u010dastnili turnaje jednotlivc\u016f dne 23.6. 2018 ve Fr\u00fddlant\u011b nad Ostravic\u00ed. Po\u010das\u00ed n\u00e1m moc nep\u0159\u00e1lo, ale i p\u0159es \u0159adu p\u0159eru\u0161en\u00ed d\u00edky de\u0161\u0165ov\u00fdm p\u0159eh\u00e1\u0148k\u00e1m oba state\u010dn\u011b bojovali. Z\u00e1kladn\u00ed \u010d\u00e1st byla rozd\u011blena do dvou 6-\u010dlenn\u00fdch skupin a &hellip; <a href=\"https:\/\/www.tenisdolnilhota.cz\/index.php\/2018\/06\/23\/turnaj-jednotlivcu-babytenis-frydlant-nad-ostravici-2018\/\">Continued<\/a><\/p>\n","protected":false},"author":2,"featured_media":0,"comment_status":"closed","ping_status":"open","sticky":false,"template":"","format":"standard","meta":{"_uag_custom_page_level_css":"","_monsterinsights_skip_tracking":false,"_monsterinsights_sitenote_active":false,"_monsterinsights_sitenote_note":"","_monsterinsights_sitenote_category":0,"footnotes":""},"categories":[1],"tags":[],"class_list":["post-1368","post","type-post","status-publish","format-standard","hentry","category-nezarazene"],"yoast_head":"<!-- This site is optimized with the Yoast SEO plugin v23.4 - https:\/\/yoast.com\/wordpress\/plugins\/seo\/ -->\n<title>Turnaj jednotlivc\u016f &quot;Babytenis - Fr\u00fddlant nad Ostravic\u00ed 2018&quot; - Tenisov\u00fd odd\u00edl - TJ SOKOL Doln\u00ed Lhota<\/title>\n<meta name=\"robots\" content=\"index, follow, max-snippet:-1, max-image-preview:large, max-video-preview:-1\" \/>\n<link rel=\"canonical\" href=\"https:\/\/www.tenisdolnilhota.cz\/index.php\/2018\/06\/23\/turnaj-jednotlivcu-babytenis-frydlant-nad-ostravici-2018\/\" \/>\n<meta property=\"og:locale\" content=\"cs_CZ\" \/>\n<meta property=\"og:type\" content=\"article\" \/>\n<meta property=\"og:title\" content=\"Turnaj jednotlivc\u016f &quot;Babytenis - Fr\u00fddlant nad Ostravic\u00ed 2018&quot; - Tenisov\u00fd odd\u00edl - TJ SOKOL Doln\u00ed Lhota\" \/>\n<meta property=\"og:description\" content=\"Ton\u00edk V\u00fdtisk a M\u00ed\u0161a Opat se \u00fa\u010dastnili turnaje jednotlivc\u016f dne 23.6. 2018 ve Fr\u00fddlant\u011b nad Ostravic\u00ed. Po\u010das\u00ed n\u00e1m moc nep\u0159\u00e1lo, ale i p\u0159es \u0159adu p\u0159eru\u0161en\u00ed d\u00edky de\u0161\u0165ov\u00fdm p\u0159eh\u00e1\u0148k\u00e1m oba state\u010dn\u011b bojovali. Z\u00e1kladn\u00ed \u010d\u00e1st byla rozd\u011blena do dvou 6-\u010dlenn\u00fdch skupin a &hellip; Continued\" \/>\n<meta property=\"og:url\" content=\"https:\/\/www.tenisdolnilhota.cz\/index.php\/2018\/06\/23\/turnaj-jednotlivcu-babytenis-frydlant-nad-ostravici-2018\/\" \/>\n<meta property=\"og:site_name\" content=\"Tenisov\u00fd odd\u00edl - TJ SOKOL Doln\u00ed Lhota\" \/>\n<meta property=\"article:published_time\" content=\"2018-06-23T19:36:32+00:00\" \/>\n<meta property=\"article:modified_time\" content=\"2018-06-25T17:55:01+00:00\" \/>\n<meta property=\"og:image\" content=\"https:\/\/www.tenisdolnilhota.cz\/wp-content\/uploads\/2018\/06\/Frydlant2018_6-400x400.jpg\" \/>\n<meta name=\"author\" content=\"Michal Opat\" \/>\n<meta name=\"twitter:card\" content=\"summary_large_image\" \/>\n<meta name=\"twitter:label1\" content=\"Napsal(a)\" \/>\n\t<meta name=\"twitter:data1\" content=\"Michal Opat\" \/>\n\t<meta name=\"twitter:label2\" content=\"Odhadovan\u00e1 doba \u010dten\u00ed\" \/>\n\t<meta name=\"twitter:data2\" content=\"1 minuta\" \/>\n<script type=\"application\/ld+json\" class=\"yoast-schema-graph\">{\"@context\":\"https:\/\/schema.org\",\"@graph\":[{\"@type\":\"WebPage\",\"@id\":\"https:\/\/www.tenisdolnilhota.cz\/index.php\/2018\/06\/23\/turnaj-jednotlivcu-babytenis-frydlant-nad-ostravici-2018\/\",\"url\":\"https:\/\/www.tenisdolnilhota.cz\/index.php\/2018\/06\/23\/turnaj-jednotlivcu-babytenis-frydlant-nad-ostravici-2018\/\",\"name\":\"Turnaj jednotlivc\u016f \\\"Babytenis - Fr\u00fddlant nad Ostravic\u00ed 2018\\\" - Tenisov\u00fd odd\u00edl - TJ SOKOL Doln\u00ed Lhota\",\"isPartOf\":{\"@id\":\"https:\/\/www.tenisdolnilhota.cz\/#website\"},\"datePublished\":\"2018-06-23T19:36:32+00:00\",\"dateModified\":\"2018-06-25T17:55:01+00:00\",\"author\":{\"@id\":\"https:\/\/www.tenisdolnilhota.cz\/#\/schema\/person\/c9a0efabb5774a77811e431d252b6692\"},\"breadcrumb\":{\"@id\":\"https:\/\/www.tenisdolnilhota.cz\/index.php\/2018\/06\/23\/turnaj-jednotlivcu-babytenis-frydlant-nad-ostravici-2018\/#breadcrumb\"},\"inLanguage\":\"cs\",\"potentialAction\":[{\"@type\":\"ReadAction\",\"target\":[\"https:\/\/www.tenisdolnilhota.cz\/index.php\/2018\/06\/23\/turnaj-jednotlivcu-babytenis-frydlant-nad-ostravici-2018\/\"]}]},{\"@type\":\"BreadcrumbList\",\"@id\":\"https:\/\/www.tenisdolnilhota.cz\/index.php\/2018\/06\/23\/turnaj-jednotlivcu-babytenis-frydlant-nad-ostravici-2018\/#breadcrumb\",\"itemListElement\":[{\"@type\":\"ListItem\",\"position\":1,\"name\":\"Dom\u016f\",\"item\":\"https:\/\/www.tenisdolnilhota.cz\/\"},{\"@type\":\"ListItem\",\"position\":2,\"name\":\"Turnaj jednotlivc\u016f &#8222;Babytenis &#8211; Fr\u00fddlant nad Ostravic\u00ed 2018&#8220;\"}]},{\"@type\":\"WebSite\",\"@id\":\"https:\/\/www.tenisdolnilhota.cz\/#website\",\"url\":\"https:\/\/www.tenisdolnilhota.cz\/\",\"name\":\"Tenisov\u00fd odd\u00edl - TJ SOKOL Doln\u00ed Lhota\",\"description\":\"\",\"potentialAction\":[{\"@type\":\"SearchAction\",\"target\":{\"@type\":\"EntryPoint\",\"urlTemplate\":\"https:\/\/www.tenisdolnilhota.cz\/?s={search_term_string}\"},\"query-input\":{\"@type\":\"PropertyValueSpecification\",\"valueRequired\":true,\"valueName\":\"search_term_string\"}}],\"inLanguage\":\"cs\"},{\"@type\":\"Person\",\"@id\":\"https:\/\/www.tenisdolnilhota.cz\/#\/schema\/person\/c9a0efabb5774a77811e431d252b6692\",\"name\":\"Michal Opat\",\"image\":{\"@type\":\"ImageObject\",\"inLanguage\":\"cs\",\"@id\":\"https:\/\/www.tenisdolnilhota.cz\/#\/schema\/person\/image\/\",\"url\":\"https:\/\/secure.gravatar.com\/avatar\/789ecf4063104b7f91c07189427c4ffef83787512bf300a486d1a79f667b756e?s=96&d=mm&r=g\",\"contentUrl\":\"https:\/\/secure.gravatar.com\/avatar\/789ecf4063104b7f91c07189427c4ffef83787512bf300a486d1a79f667b756e?s=96&d=mm&r=g\",\"caption\":\"Michal Opat\"}}]}<\/script>\n<!-- \/ Yoast SEO plugin. -->","yoast_head_json":{"title":"Turnaj jednotlivc\u016f \"Babytenis - Fr\u00fddlant nad Ostravic\u00ed 2018\" - Tenisov\u00fd odd\u00edl - TJ SOKOL Doln\u00ed Lhota","robots":{"index":"index","follow":"follow","max-snippet":"max-snippet:-1","max-image-preview":"max-image-preview:large","max-video-preview":"max-video-preview:-1"},"canonical":"https:\/\/www.tenisdolnilhota.cz\/index.php\/2018\/06\/23\/turnaj-jednotlivcu-babytenis-frydlant-nad-ostravici-2018\/","og_locale":"cs_CZ","og_type":"article","og_title":"Turnaj jednotlivc\u016f \"Babytenis - Fr\u00fddlant nad Ostravic\u00ed 2018\" - Tenisov\u00fd odd\u00edl - TJ SOKOL Doln\u00ed Lhota","og_description":"Ton\u00edk V\u00fdtisk a M\u00ed\u0161a Opat se \u00fa\u010dastnili turnaje jednotlivc\u016f dne 23.6. 2018 ve Fr\u00fddlant\u011b nad Ostravic\u00ed. Po\u010das\u00ed n\u00e1m moc nep\u0159\u00e1lo, ale i p\u0159es \u0159adu p\u0159eru\u0161en\u00ed d\u00edky de\u0161\u0165ov\u00fdm p\u0159eh\u00e1\u0148k\u00e1m oba state\u010dn\u011b bojovali. Z\u00e1kladn\u00ed \u010d\u00e1st byla rozd\u011blena do dvou 6-\u010dlenn\u00fdch skupin a &hellip; Continued","og_url":"https:\/\/www.tenisdolnilhota.cz\/index.php\/2018\/06\/23\/turnaj-jednotlivcu-babytenis-frydlant-nad-ostravici-2018\/","og_site_name":"Tenisov\u00fd odd\u00edl - TJ SOKOL Doln\u00ed Lhota","article_published_time":"2018-06-23T19:36:32+00:00","article_modified_time":"2018-06-25T17:55:01+00:00","og_image":[{"url":"https:\/\/www.tenisdolnilhota.cz\/wp-content\/uploads\/2018\/06\/Frydlant2018_6-400x400.jpg"}],"author":"Michal Opat","twitter_card":"summary_large_image","twitter_misc":{"Napsal(a)":"Michal Opat","Odhadovan\u00e1 doba \u010dten\u00ed":"1 minuta"},"schema":{"@context":"https:\/\/schema.org","@graph":[{"@type":"WebPage","@id":"https:\/\/www.tenisdolnilhota.cz\/index.php\/2018\/06\/23\/turnaj-jednotlivcu-babytenis-frydlant-nad-ostravici-2018\/","url":"https:\/\/www.tenisdolnilhota.cz\/index.php\/2018\/06\/23\/turnaj-jednotlivcu-babytenis-frydlant-nad-ostravici-2018\/","name":"Turnaj jednotlivc\u016f \"Babytenis - Fr\u00fddlant nad Ostravic\u00ed 2018\" - Tenisov\u00fd odd\u00edl - TJ SOKOL Doln\u00ed Lhota","isPartOf":{"@id":"https:\/\/www.tenisdolnilhota.cz\/#website"},"datePublished":"2018-06-23T19:36:32+00:00","dateModified":"2018-06-25T17:55:01+00:00","author":{"@id":"https:\/\/www.tenisdolnilhota.cz\/#\/schema\/person\/c9a0efabb5774a77811e431d252b6692"},"breadcrumb":{"@id":"https:\/\/www.tenisdolnilhota.cz\/index.php\/2018\/06\/23\/turnaj-jednotlivcu-babytenis-frydlant-nad-ostravici-2018\/#breadcrumb"},"inLanguage":"cs","potentialAction":[{"@type":"ReadAction","target":["https:\/\/www.tenisdolnilhota.cz\/index.php\/2018\/06\/23\/turnaj-jednotlivcu-babytenis-frydlant-nad-ostravici-2018\/"]}]},{"@type":"BreadcrumbList","@id":"https:\/\/www.tenisdolnilhota.cz\/index.php\/2018\/06\/23\/turnaj-jednotlivcu-babytenis-frydlant-nad-ostravici-2018\/#breadcrumb","itemListElement":[{"@type":"ListItem","position":1,"name":"Dom\u016f","item":"https:\/\/www.tenisdolnilhota.cz\/"},{"@type":"ListItem","position":2,"name":"Turnaj jednotlivc\u016f &#8222;Babytenis &#8211; Fr\u00fddlant nad Ostravic\u00ed 2018&#8220;"}]},{"@type":"WebSite","@id":"https:\/\/www.tenisdolnilhota.cz\/#website","url":"https:\/\/www.tenisdolnilhota.cz\/","name":"Tenisov\u00fd odd\u00edl - TJ SOKOL Doln\u00ed Lhota","description":"","potentialAction":[{"@type":"SearchAction","target":{"@type":"EntryPoint","urlTemplate":"https:\/\/www.tenisdolnilhota.cz\/?s={search_term_string}"},"query-input":{"@type":"PropertyValueSpecification","valueRequired":true,"valueName":"search_term_string"}}],"inLanguage":"cs"},{"@type":"Person","@id":"https:\/\/www.tenisdolnilhota.cz\/#\/schema\/person\/c9a0efabb5774a77811e431d252b6692","name":"Michal Opat","image":{"@type":"ImageObject","inLanguage":"cs","@id":"https:\/\/www.tenisdolnilhota.cz\/#\/schema\/person\/image\/","url":"https:\/\/secure.gravatar.com\/avatar\/789ecf4063104b7f91c07189427c4ffef83787512bf300a486d1a79f667b756e?s=96&d=mm&r=g","contentUrl":"https:\/\/secure.gravatar.com\/avatar\/789ecf4063104b7f91c07189427c4ffef83787512bf300a486d1a79f667b756e?s=96&d=mm&r=g","caption":"Michal Opat"}}]}},"uagb_featured_image_src":{"full":false,"thumbnail":false,"medium":false,"medium_large":false,"large":false,"1536x1536":false,"2048x2048":false,"widget-thumb":false,"sow-carousel-default":false},"uagb_author_info":{"display_name":"Michal Opat","author_link":"https:\/\/www.tenisdolnilhota.cz\/index.php\/author\/opat\/"},"uagb_comment_info":0,"uagb_excerpt":"Ton\u00edk V\u00fdtisk a M\u00ed\u0161a Opat se \u00fa\u010dastnili turnaje jednotlivc\u016f dne 23.6. 2018 ve Fr\u00fddlant\u011b nad Ostravic\u00ed. Po\u010das\u00ed n\u00e1m moc nep\u0159\u00e1lo, ale i p\u0159es \u0159adu p\u0159eru\u0161en\u00ed d\u00edky de\u0161\u0165ov\u00fdm p\u0159eh\u00e1\u0148k\u00e1m oba state\u010dn\u011b bojovali. Z\u00e1kladn\u00ed \u010d\u00e1st byla rozd\u011blena do dvou 6-\u010dlenn\u00fdch skupin a &hellip; Continued","_links":{"self":[{"href":"https:\/\/www.tenisdolnilhota.cz\/index.php\/wp-json\/wp\/v2\/posts\/1368","targetHints":{"allow":["GET"]}}],"collection":[{"href":"https:\/\/www.tenisdolnilhota.cz\/index.php\/wp-json\/wp\/v2\/posts"}],"about":[{"href":"https:\/\/www.tenisdolnilhota.cz\/index.php\/wp-json\/wp\/v2\/types\/post"}],"author":[{"embeddable":true,"href":"https:\/\/www.tenisdolnilhota.cz\/index.php\/wp-json\/wp\/v2\/users\/2"}],"replies":[{"embeddable":true,"href":"https:\/\/www.tenisdolnilhota.cz\/index.php\/wp-json\/wp\/v2\/comments?post=1368"}],"version-history":[{"count":2,"href":"https:\/\/www.tenisdolnilhota.cz\/index.php\/wp-json\/wp\/v2\/posts\/1368\/revisions"}],"predecessor-version":[{"id":1372,"href":"https:\/\/www.tenisdolnilhota.cz\/index.php\/wp-json\/wp\/v2\/posts\/1368\/revisions\/1372"}],"wp:attachment":[{"href":"https:\/\/www.tenisdolnilhota.cz\/index.php\/wp-json\/wp\/v2\/media?parent=1368"}],"wp:term":[{"taxonomy":"category","embeddable":true,"href":"https:\/\/www.tenisdolnilhota.cz\/index.php\/wp-json\/wp\/v2\/categories?post=1368"},{"taxonomy":"post_tag","embeddable":true,"href":"https:\/\/www.tenisdolnilhota.cz\/index.php\/wp-json\/wp\/v2\/tags?post=1368"}],"curies":[{"name":"wp","href":"https:\/\/api.w.org\/{rel}","templated":true}]}}