{"id":1234,"date":"2019-08-26T10:27:44","date_gmt":"2019-08-26T08:27:44","guid":{"rendered":"http:\/\/www.tenisdolnilhota.cz\/?p=1234"},"modified":"2019-09-01T22:55:47","modified_gmt":"2019-09-01T20:55:47","slug":"letni-soustredeni-2018","status":"publish","type":"post","link":"https:\/\/www.tenisdolnilhota.cz\/index.php\/2019\/08\/26\/letni-soustredeni-2018\/","title":{"rendered":"Letn\u00ed soust\u0159ed\u011bn\u00ed 2019"},"content":{"rendered":"<p align=\"LEFT\"><strong>Sobota 31.8.<\/strong><\/p>\n<p align=\"LEFT\">Z\u00e1v\u011bre\u010dn\u00fd den tenisov\u00e9ho soust\u0159ed\u011bn\u00ed byl zapo\u010dat na kurtech, kde se p\u0159e\u0161lo ze skupinov\u00fdch z\u00e1pasu do nap\u00ednav\u00fdch st\u0159et\u016f o poh\u00e1ry. N\u011bkter\u00e9 ze z\u00e1pas\u016f byly doprov\u00e1zen\u00e9 spoustou emoc\u00ed a slz, hlasit\u00fdm povzbuzov\u00e1n\u00edm jak z \u0159ad div\u00e1k\u016f, tak i od hr\u00e1\u010du samotn\u00fdch. Ob\u010das se ale objevily i slzi\u010dky.<\/p>\n<p align=\"LEFT\">B\u011bhem turnajov\u00fdch z\u00e1pas\u016f se tak\u00e9 uskute\u010dnila posledn\u00ed discipl\u00edna leto\u0161n\u00edho soust\u0159ed\u011bn\u00ed &#8211; hod na c\u00edl, Ten dok\u00e1zal v n\u011bkter\u00fdch p\u0159\u00edpadech velmi zam\u00edchat fin\u00e1ln\u00edm um\u00edst\u011bn\u00edm v atletick\u00e9 olympi\u00e1d\u011b. Tato posledn\u00ed discipl\u00edna na\u0161eho desetiboje n\u00e1m d\u011bti procvi\u010dila nejen z hlediska hodu a p\u0159esnosti, ale tak\u00e9 rozvahy, proto\u017ee c\u00edle byly tvo\u0159eny n\u011bkolika r\u016fzn\u011b bodovan\u00fdmi ter\u010di v odli\u0161n\u00fdch vzd\u00e1lenostech a bylo pouze na d\u011btech, na kter\u00fd budou h\u00e1zet.<\/p>\n<p align=\"LEFT\">Z d\u016fvodu v\u010derej\u0161\u00ed dopoledn\u00ed p\u0159eh\u00e1\u0148ky, kter\u00e1 n\u00e1m odstavila kurty na n\u011bkolik hodin, byl dne\u0161n\u00ed program velmi nahu\u0161t\u011bn\u00fd a d\u011bti se na kurtech st\u0159\u00eddaly jako na b\u011b\u017e\u00edc\u00edm p\u00e1se. Po lahodn\u00e9m ob\u011bd\u011b se p\u0159e\u0161lo do odpoledn\u00edho programu a posledn\u00edch z\u00e1pas\u016f. Nap\u011bt\u00ed bylo hmatateln\u00e9 nejen na dvorc\u00edch, ale i mezi div\u00e1ky. V\u00fdm\u011bny st\u0159\u00eddaly v\u00fdm\u011bny, podan\u00ed p\u0159\u00edjmy a postupn\u011b jsme se dopracovali k \u00fapln\u00fdm v\u00edt\u011bz\u016fm na\u0161ich 5 turnaj\u016f.<\/p>\n<p align=\"LEFT\">Z\u00e1v\u011bre\u010dn\u00e9 vyhla\u0161ov\u00e1n\u00ed bylo zpest\u0159eno nedalek\u00fdmi hromy a blesky, na\u0161test\u00ed ale prob\u011bhlo bez jedin\u00e9ho promo\u010den\u00e9ho diplomu. Patn\u00e1ct n\u00e1dhern\u00fdch poh\u00e1r\u016f zm\u011bnilo sv\u00e9 majitele a ka\u017ed\u00e9 z d\u011bt\u00ed bylo ocen\u011bno n\u00e1dhern\u00fdm diplomem dokumentuj\u00edc\u00edm jeho \u00fasp\u011bchy, mali\u010dk\u00fdm \u00fa\u010dastnick\u00fdm poh\u00e1rem a ti\u0161t\u011bnou skupinovou fotkou.<\/p>\n<p align=\"LEFT\">Fotky z posledn\u00edho dne soust\u0159ed\u011bn\u00ed si m\u016f\u017eete prohl\u00e9dnout <a href=\"http:\/\/www.tenisdolnilhota.cz\/?page_id=3014&amp;preview=true\">zde<\/a>. Kone\u010dn\u00e9 v\u00fdsledky olympi\u00e1dy si najdete\u00a0<a href=\"http:\/\/www.tenisdolnilhota.cz\/wp-content\/uploads\/2019\/08\/Olympi\u00e1da-2019-final-1.xlsx\">zde.<\/a><\/p>\n<p align=\"LEFT\"><strong>P\u00e1tek 30.8<\/strong><\/p>\n<p align=\"LEFT\">Slzy, pot a d\u0159ina. Tak by se daly shrnout dne\u0161n\u00ed dramata na tenisov\u00fdch kurtech. Zapo\u010dali jsme toti\u017e leto\u0161n\u00ed z\u00e1v\u011bre\u010dn\u00fd turnaj tenisov\u00e9ho soust\u0159ed\u011bn\u00ed. V\u0161chny hr\u00e1\u010de jsme rozd\u011blili do 5 skupin podle v\u011bku, a to dvou babytenisov\u00fdch, minitenisov\u00e9 a do skupin star\u0161\u00edch a mlad\u0161\u00edch \u017e\u00e1k\u016f.<\/p>\n<p align=\"LEFT\">Zat\u00edmco na kurtech se vedly lit\u00e9 boje, zbytek tenist\u016f se mohl v\u011bnovat dal\u0161\u00ed leto\u0161n\u00ed novince v olympi\u00e1d\u011b. Vybaveni \u0161pi\u010dkov\u00fdm arzen\u00e1lem z dolnolhotskch tren\u00e9rsk\u00fdch sklad\u016f, vyrazili na\u0161i sv\u011b\u0159enci se vzduchovkou na na\u0161i improvizovanou st\u0159elnici. Mal\u00e9 b\u00edl\u00e9 ter\u010de pro nikoho nebyly probl\u00e9m a byli jsme sv\u011bdky n\u00e1dhern\u00fdch v\u00fdkon\u016f, a to i od d\u011bt\u00ed, kter\u00e9 se vzduchovkou nikdy nest\u0159\u00edlely.<\/p>\n<p align=\"LEFT\">Bohu\u017eel jsme byli b\u011bhem dopoledne z kurt\u016f vyhn\u00e1ni do hotelu n\u00e1hlou bou\u0159\u00ed a dopoledn\u00ed program musel b\u00fdt p\u0159eru\u0161en. Po ob\u011bd\u011b jsme ale nasko\u010dili do u\u017e rozjet\u00e9ho programu a pokra\u010dovali jsme v turnaj\u00edch.\u00a0Cel\u00e9 odpoledne se vezlo v podob\u011b \u0159ady emotivn\u00edch st\u0159et\u016f, kter\u00e9 kon\u010dily a\u017e b\u011bhem ve\u010de\u0159\u00ed.<\/p>\n<p align=\"LEFT\">Dne\u0161n\u00ed ve\u010der, posledn\u00ed tohoto soust\u0159ed\u011bn\u00ed, byl zpest\u0159en jednou dal\u0161\u00ed novinkou, a to stezkou odvahy. V n\u011bkter\u00fdch chv\u00edl\u00edch by se mohlo zd\u00e1t, \u017ee jsme do olympi\u00e1dy za\u0159adili novou discipl\u00ednu, a to sout\u011b\u017e v k\u0159iku. \u0160lo ale jen o vyd\u011b\u0161en\u00e9 d\u011bti na na\u0161i kr\u00e1tk\u00e9 stezce, kde byly vystra\u0161ov\u00e1ny tren\u00e9ry v hr\u016fzostra\u0161n\u00fdch mask\u00e1ch.<\/p>\n<p align=\"LEFT\">Fotografie z dne\u0161n\u00edho a v\u010derej\u0161\u00edho dne m\u016f\u017eete naj\u00edt <a href=\"http:\/\/www.tenisdolnilhota.cz\/?page_id=3005&amp;preview=true\">zde.<\/a>\u00a0Pr\u016fb\u011b\u017en\u00e9 v\u00fdsledky si m\u016f\u017eete prohl\u00eddnout v <a href=\"http:\/\/www.tenisdolnilhota.cz\/wp-content\/uploads\/2019\/08\/Olympi\u00e1da-export-1.xlsx\">tomto<\/a> excelovsk\u00e9m souboru.<\/p>\n<p align=\"LEFT\"><strong>\u010ctvrtek\u00a0 29.8.<\/strong><\/p>\n<p align=\"LEFT\">Dneska n\u00e1m p\u0159\u00e1lo po\u010das\u00ed. A\u017e moc. Poznali jsme to podle toho, \u017ee ve\u0161ker\u00e9 ptactvo z Hutiska odlet\u011blo do studen\u00fdch krajin. A my z\u016fstali, ne\u00faprosn\u00e9 vedro jsme p\u0159ekousli a pokra\u010dovali jsme v tr\u00e9nov\u00e1n\u00ed.<\/p>\n<p align=\"LEFT\">Dopoledn\u00ed program n\u00e1m dnes okr\u00e1\u0161lily dokonce dv\u011b discipl\u00edny, a to skok do d\u00e1lky sno\u017emo a pot\u00e9 &#8222;h\u00e1zen\u00ed m\u00ed\u010dkem o ze\u010f&#8220;. V t\u00e9to discipl\u00edn\u011b musely d\u011bti nah\u00e1zet co nejv\u00edc hod\u016f o ze\u010f ve vymezen\u00e9m poli po dobu 30 sekund. Tato \u0161ikovnostn\u00ed discipl\u00edna vmetla \u010derstv\u00fd v\u00edtr mezi za\u017eit\u00e9 sout\u011b\u017ee a vyzkou\u0161ela na\u0161e sv\u011b\u0159ence z trochu jin\u00e9ho \u00fahlu.<\/p>\n<p align=\"LEFT\">Dopoledn\u00ed fyzi\u010dky byly oproti jin\u00fdm dn\u016fm m\u00edrn\u011b zkr\u00e1cen\u00e9, u\u0161et\u0159enou energii ale d\u011bti s radost\u00ed vydaly na tenisov\u00fdch kurtech, kde jsme mohli b\u00fdt sv\u011bdky nap\u00ednav\u00fdch tr\u00e9ninkov\u00fdch z\u00e1pas\u016f. V\u0161ichni si moc dob\u0159e uv\u011bdomuj\u00ed, \u017ee z\u00edtra p\u0159ece za\u010dne hra na ostro v turnaj\u00edch o bl\u00fd\u0161tiv\u00e9 poh\u00e1ry.<\/p>\n<p align=\"LEFT\">Odpoledn\u00ed program se oproti jin\u00fdm dn\u016fm lehce li\u0161il. Fyzi\u010dka tentokr\u00e1t byla vynechan\u00e1, na olympi\u00e1d\u011b byla ale mnohem n\u00e1ro\u010dnej\u0161\u00ed discipl\u00edna ne\u017e kdy jindy. A to vytrvalostn\u00ed b\u011bh. Na na\u0161em kilometrov\u00e9m okruhu, kter\u00fd pest\u0159e tvo\u0159\u00ed prost\u0159ed\u00ed lesa, pole a tak\u00e9 asfaltov\u00e9\u00a0 silnice, se ud\u00e1ly nap\u00ednav\u00e9 souboje o post nejrychlej\u0161\u00edho b\u011b\u017ece.<\/p>\n<p align=\"LEFT\">Dne\u0161n\u00ed ve\u010der jsme str\u00e1vili losov\u00e1n\u00edm dlouho o\u010dek\u00e1van\u00e9ho z\u00e1v\u011bre\u010dn\u00e9ho turnaje v tenise. Rozlosov\u00e1n\u00ed pak bylo n\u00e1sledov\u00e1no odkr\u00fdva\u010dkou, kde d\u011bti rozd\u011blen\u00e9 do 4 t\u00fdm\u016f h\u00e1daly identitu zn\u00e1m\u00e9ho sportovce skryt\u00e9ho za postupn\u011b se ot\u00e1\u010dej\u00edc\u00edmi pol\u00ed\u010dky. Dva v\u00edt\u011bzn\u00e9 t\u00fdmy byly posl\u00e9ze odm\u011bn\u011bny t\u00edm nejcenn\u011bj\u0161\u00edm. Sladkostmi.<\/p>\n<p align=\"LEFT\">V\u00fdsledky z olympi\u00e1dy najdete <a href=\"http:\/\/www.tenisdolnilhota.cz\/wp-content\/uploads\/2019\/08\/Olympi\u00e1da-export.xlsx\">zde<\/a>. Fotky z dne\u0161n\u00edho dne a v\u010derej\u0161\u00edho ve\u010dera si m\u016f\u017eete prohl\u00eddnout <a href=\"http:\/\/www.tenisdolnilhota.cz\/?page_id=2820&amp;preview=true\">zde.<\/a><\/p>\n<p align=\"LEFT\"><strong>St\u0159eda 28.8.<\/strong><\/p>\n<p align=\"LEFT\">St\u0159ede\u010dn\u00ed r\u00e1no jsme jako v\u017edy zapo\u010dali rozcvi\u010dkou, tentokr\u00e1t vedenou dvojic\u00ed holek ze Star\u00e9 B\u011bl\u00e9, kter\u00e9 si bohu\u017eel nezvl\u00e1dly dostate\u010dn\u011b uklidit. Po sn\u00eddani formou \u0161v\u00e9dsk\u00fdch stol\u016f jsme zapo\u010dali dopoledn\u00ed program.<\/p>\n<p align=\"LEFT\">Na olympi\u00e1d\u011b se d\u011bti p\u0159edstavily v discipl\u00edn\u011b zvan\u00e9 Shuttle test, kter\u00e1 tento rok nahradila \u010dlunkov\u00fd b\u011bh. Novou podobu d\u011bti rychle zvl\u00e1dly a zab\u011bhly spoustu kr\u00e1sn\u00fdch \u010das\u016f.<\/p>\n<p align=\"LEFT\">Zat\u00edmco na fyzi\u010dk\u00e1ch d\u011bti sout\u011b\u017eily v \u0159ad\u011b r\u016fzn\u00fdch her, na kurtech bylo jejich tempo m\u00edrn\u011b leniv\u00e9 hlavn\u011b kv\u016fli vysok\u00e9 teplot\u011b.<br \/>\nProto jsme se tak\u00e9 rozhodli nahradit odpoledn\u00ed tr\u00e9ninkov\u00fd program del\u0161\u00ed proch\u00e1zkou do Prost\u0159edn\u00ed Be\u010dvy, kde jsme vyu\u017eili i mo\u017enosti tam\u011bj\u0161\u00edho obchodu. Pro zp\u00e1te\u010dn\u00ed cestu jsme zvolili zkratku p\u0159es kopec. Bylo to sice d\u00e1l, ale o to i hor\u0161\u00ed cesta.<\/p>\n<p align=\"LEFT\">Po n\u00e1vrat\u016f se d\u011bti s hlasit\u00fdm nad\u0161en\u00edm vrhly do baz\u00e9nu, vykoupaly p\u00e1r tren\u00e9r\u016f a nakonec zavr\u0161ily kr\u00e1sn\u00fd den spole\u010dn\u00fdm t\u00e1bor\u00e1kem se spoustou lahodn\u00fdch bu\u0159t\u016f.<\/p>\n<p align=\"LEFT\"><a href=\"http:\/\/www.tenisdolnilhota.cz\/index.php\/streda-28-8-fotografie\/\">Zde<\/a>\u00a0si m\u016f\u017eete prohl\u00e9dnout fotky z dne\u0161n\u00edho dne a v\u010derej\u0161\u00edho ve\u010dera a <a href=\"http:\/\/www.tenisdolnilhota.cz\/wp-content\/uploads\/2019\/08\/P\u0159epo\u010dty-export.xlsx\">zde<\/a> si m\u016f\u017eete st\u00e1hnout v\u00fdsledky olympi\u00e1dy.<\/p>\n<p align=\"LEFT\"><strong>\u00dater\u00fd 27.8.<\/strong><\/p>\n<p align=\"LEFT\">Dne\u0161n\u00ed r\u00e1no jsme zah\u00e1jili kr\u00e1tkou rozcvi\u010dkou, kter\u00e1 byla vedena &#8222;prasaty&#8220;, tedy nejneuklizen\u011bj\u0161\u00edm pokojem. T\u00e9to mo\u017enosti se se ct\u00ed ujali tren\u00e9\u0159i Kuba a P\u0159emek a p\u0159edvedli naprosto brav\u016frn\u00ed rozcvi\u010dku, kterou jsme na tenisov\u00fdch sout\u0159ed\u011bn\u00edch je\u0161t\u011b nevid\u011bli.<\/p>\n<p align=\"LEFT\">Po sn\u00eddani formou \u0161v\u00e9dsk\u00fdch stol\u016f d\u011bti op\u011bt nastoupily ke klasick\u00e9mu programu. Zat\u00edmco na olympi\u00e1d\u011b byl program dob\u011bh v\u011bj\u00ed\u0159e ze v\u010derej\u0161\u00edho dne, kdy byl p\u0159eru\u0161en pr\u016ftr\u017e\u00ed mra\u010den, na fyzi\u010dce d\u011bti z\u00e1vodily v mnoha r\u016fzn\u00fdch hr\u00e1ch. Olympi\u00e1da byla tak\u00e9 zpest\u0159ena dal\u0161\u00ed discipl\u00ednou, a to novinkou s n\u00e1zvem Zig-Zag.<\/p>\n<p align=\"LEFT\">B\u011bhem odpoledn\u00edho klidu jsme se rozhodli vyu\u017e\u00edt koupali\u0161t\u011b. L\u00edn\u00e9 koup\u00e1n\u00ed a plav\u00e1n\u00ed na\u0161t\u011bst\u00ed nen\u00ed nic pro mlad\u00e9 tenisov\u00e9 talenty, a proto bylo baz\u00e9nov\u00e9 osv\u011b\u017een\u00ed zpest\u0159eno o \u0161tafetov\u00e9 z\u00e1vody a u\u017e star\u00e9 zn\u00e1me shazov\u00e1n\u00ed tren\u00e9r\u016f do vody.<\/p>\n<p align=\"LEFT\">Po odpoledn\u00edm programu a ve\u010de\u0159i p\u0159i\u0161la dnes na \u0159adu i hra &#8222;Poznej p\u00edse\u0148&#8220;. D\u011bti v n\u00ed p\u0159ijaly v\u00fdzvu v podob\u011b mixu Ji\u0159\u00edho Priesola a sout\u011b\u017eily v tom, kdo uhodne nejv\u00edce p\u00edsn\u00ed a interpret\u016f. V\u00edt\u011bzov\u00e9 byli odm\u011bn\u011bni t\u00edm nejcenn\u011bj\u0161\u00edm, tedy sladkostmi.<\/p>\n<p align=\"LEFT\">I p\u0159esto, \u017ee n\u00e1m nevy\u0161el pl\u00e1novan\u00fd ve\u010dern\u00ed t\u00e1bor\u00e1k kv\u016fli p\u0159eh\u00e1\u0148ce, byl dne\u0161n\u00ed den naprosto skv\u011bl\u00fd.<\/p>\n<p align=\"LEFT\">Fotografie m\u016f\u017eete naj\u00edt <a href=\"http:\/\/www.tenisdolnilhota.cz\/?page_id=2665&amp;preview=true\">zde.<\/a>\u00a0Pr\u016fb\u011b\u017en\u00e9 v\u00fdledky z olympi\u00e1dy najdete v galerii!<\/p>\n<p align=\"LEFT\"><strong>Pond\u011bl\u00ed 26.8.<\/strong><\/p>\n<p align=\"LEFT\">Prvn\u00ed den leto\u0161n\u00edho soust\u0159edn\u00ed n\u00e1m p\u0159inesl mnoho kr\u00e1sn\u00fdch z\u00e1\u017eitk\u016f. Krom\u011b prvotn\u00edho seznamov\u00e1n\u00ed s d\u011btmi z na\u0161eho sestersk\u00e9ho klubu, jsme se tak\u00e9 vrhli na prvn\u00ed koup\u00e1n\u00ed v are\u00e1lov\u00e9m koupali\u0161ti. To bylo zpest\u0159eno i nap\u00ednav\u00fdmi z\u00e1vody v plav\u00e1n\u00ed po t\u00fdmech a neust\u00e1lou snahou poshazovat v\u0161echny tren\u00e9ry do vody.<\/p>\n<p align=\"LEFT\">Po odpoledn\u00edm klidu jsme nastoupili na na\u0161i strandardn\u00ed trojf\u00e1zovou p\u0159\u00edpravu. Zat\u00edmco jedna skupinka d\u011bti tr\u00e9novala svou koordinaci a fyzickou p\u0159ipravenost, druh\u00e1 mezi sebou sout\u011b\u017eila na olympi\u00e1d\u011b, kde byl dne\u0161n\u00ed discipl\u00ednou v\u011bj\u00ed\u0159. Posledn\u00ed t\u0159etina d\u011bt\u00ed se p\u0159edstavila na kurtech, kde tr\u00e9novala p\u0159edev\u0161\u00edm sv\u00e9 tenisov\u00e9 dovednosti.<\/p>\n<p align=\"LEFT\">N\u00e1\u0161 odpoledn\u00ed program prob\u00edhal po v\u011bt\u0161inu \u010dasu \u00fasp\u011b\u0161n\u011b, bohu\u017eel byl ale po hodin\u011b a p\u016fl p\u0159eru\u0161en hr\u016fzostra\u0161nou bou\u0159\u00ed, kter\u00e1 n\u00e1s doslova vyhnala do \u00fatuln\u00e9ho sucha hotelu. V d\u016fsledku toho bohu\u017eel nebyla dokon\u010dena dne\u0161n\u00ed discipl\u00edna a proto zde z n\u00ed nenajdete ani v\u00fdsedky. Nedohnan\u00e9 resty budou dod\u011bl\u00e1ny b\u011bhem n\u00e1sleduj\u00edc\u00edch dn\u016f.<\/p>\n<p>Fotky z dne\u0161n\u00edho dne si m\u016f\u017eete prohl\u00eddnout <a href=\"http:\/\/www.tenisdolnilhota.cz\/?page_id=2551&amp;preview=true\">zde<\/a><\/p>\n","protected":false},"excerpt":{"rendered":"<p>Sobota 31.8. Z\u00e1v\u011bre\u010dn\u00fd den tenisov\u00e9ho soust\u0159ed\u011bn\u00ed byl zapo\u010dat na kurtech, kde se p\u0159e\u0161lo ze skupinov\u00fdch z\u00e1pasu do nap\u00ednav\u00fdch st\u0159et\u016f o poh\u00e1ry. N\u011bkter\u00e9 ze z\u00e1pas\u016f byly doprov\u00e1zen\u00e9 spoustou emoc\u00ed a slz, hlasit\u00fdm povzbuzov\u00e1n\u00edm jak z \u0159ad div\u00e1k\u016f, tak i od hr\u00e1\u010du &hellip; <a href=\"https:\/\/www.tenisdolnilhota.cz\/index.php\/2019\/08\/26\/letni-soustredeni-2018\/\">Continued<\/a><\/p>\n","protected":false},"author":2,"featured_media":0,"comment_status":"closed","ping_status":"open","sticky":false,"template":"","format":"standard","meta":{"_uag_custom_page_level_css":"","_monsterinsights_skip_tracking":false,"_monsterinsights_sitenote_active":false,"_monsterinsights_sitenote_note":"","_monsterinsights_sitenote_category":0,"footnotes":""},"categories":[1],"tags":[],"class_list":["post-1234","post","type-post","status-publish","format-standard","hentry","category-nezarazene"],"yoast_head":"<!-- This site is optimized with the Yoast SEO plugin v23.4 - https:\/\/yoast.com\/wordpress\/plugins\/seo\/ -->\n<title>Letn\u00ed soust\u0159ed\u011bn\u00ed 2019 - Tenisov\u00fd odd\u00edl - TJ SOKOL Doln\u00ed Lhota<\/title>\n<meta name=\"robots\" content=\"index, follow, max-snippet:-1, max-image-preview:large, max-video-preview:-1\" \/>\n<link rel=\"canonical\" href=\"https:\/\/www.tenisdolnilhota.cz\/index.php\/2019\/08\/26\/letni-soustredeni-2018\/\" \/>\n<meta property=\"og:locale\" content=\"cs_CZ\" \/>\n<meta property=\"og:type\" content=\"article\" \/>\n<meta property=\"og:title\" content=\"Letn\u00ed soust\u0159ed\u011bn\u00ed 2019 - Tenisov\u00fd odd\u00edl - TJ SOKOL Doln\u00ed Lhota\" \/>\n<meta property=\"og:description\" content=\"Sobota 31.8. Z\u00e1v\u011bre\u010dn\u00fd den tenisov\u00e9ho soust\u0159ed\u011bn\u00ed byl zapo\u010dat na kurtech, kde se p\u0159e\u0161lo ze skupinov\u00fdch z\u00e1pasu do nap\u00ednav\u00fdch st\u0159et\u016f o poh\u00e1ry. N\u011bkter\u00e9 ze z\u00e1pas\u016f byly doprov\u00e1zen\u00e9 spoustou emoc\u00ed a slz, hlasit\u00fdm povzbuzov\u00e1n\u00edm jak z \u0159ad div\u00e1k\u016f, tak i od hr\u00e1\u010du &hellip; Continued\" \/>\n<meta property=\"og:url\" content=\"https:\/\/www.tenisdolnilhota.cz\/index.php\/2019\/08\/26\/letni-soustredeni-2018\/\" \/>\n<meta property=\"og:site_name\" content=\"Tenisov\u00fd odd\u00edl - TJ SOKOL Doln\u00ed Lhota\" \/>\n<meta property=\"article:published_time\" content=\"2019-08-26T08:27:44+00:00\" \/>\n<meta property=\"article:modified_time\" content=\"2019-09-01T20:55:47+00:00\" \/>\n<meta name=\"author\" content=\"Michal Opat\" \/>\n<meta name=\"twitter:card\" content=\"summary_large_image\" \/>\n<meta name=\"twitter:label1\" content=\"Napsal(a)\" \/>\n\t<meta name=\"twitter:data1\" content=\"Michal Opat\" \/>\n\t<meta name=\"twitter:label2\" content=\"Odhadovan\u00e1 doba \u010dten\u00ed\" \/>\n\t<meta name=\"twitter:data2\" content=\"9 minut\" \/>\n<script type=\"application\/ld+json\" class=\"yoast-schema-graph\">{\"@context\":\"https:\/\/schema.org\",\"@graph\":[{\"@type\":\"WebPage\",\"@id\":\"https:\/\/www.tenisdolnilhota.cz\/index.php\/2019\/08\/26\/letni-soustredeni-2018\/\",\"url\":\"https:\/\/www.tenisdolnilhota.cz\/index.php\/2019\/08\/26\/letni-soustredeni-2018\/\",\"name\":\"Letn\u00ed soust\u0159ed\u011bn\u00ed 2019 - Tenisov\u00fd odd\u00edl - TJ SOKOL Doln\u00ed Lhota\",\"isPartOf\":{\"@id\":\"https:\/\/www.tenisdolnilhota.cz\/#website\"},\"datePublished\":\"2019-08-26T08:27:44+00:00\",\"dateModified\":\"2019-09-01T20:55:47+00:00\",\"author\":{\"@id\":\"https:\/\/www.tenisdolnilhota.cz\/#\/schema\/person\/c9a0efabb5774a77811e431d252b6692\"},\"breadcrumb\":{\"@id\":\"https:\/\/www.tenisdolnilhota.cz\/index.php\/2019\/08\/26\/letni-soustredeni-2018\/#breadcrumb\"},\"inLanguage\":\"cs\",\"potentialAction\":[{\"@type\":\"ReadAction\",\"target\":[\"https:\/\/www.tenisdolnilhota.cz\/index.php\/2019\/08\/26\/letni-soustredeni-2018\/\"]}]},{\"@type\":\"BreadcrumbList\",\"@id\":\"https:\/\/www.tenisdolnilhota.cz\/index.php\/2019\/08\/26\/letni-soustredeni-2018\/#breadcrumb\",\"itemListElement\":[{\"@type\":\"ListItem\",\"position\":1,\"name\":\"Dom\u016f\",\"item\":\"https:\/\/www.tenisdolnilhota.cz\/\"},{\"@type\":\"ListItem\",\"position\":2,\"name\":\"Letn\u00ed soust\u0159ed\u011bn\u00ed 2019\"}]},{\"@type\":\"WebSite\",\"@id\":\"https:\/\/www.tenisdolnilhota.cz\/#website\",\"url\":\"https:\/\/www.tenisdolnilhota.cz\/\",\"name\":\"Tenisov\u00fd odd\u00edl - TJ SOKOL Doln\u00ed Lhota\",\"description\":\"\",\"potentialAction\":[{\"@type\":\"SearchAction\",\"target\":{\"@type\":\"EntryPoint\",\"urlTemplate\":\"https:\/\/www.tenisdolnilhota.cz\/?s={search_term_string}\"},\"query-input\":{\"@type\":\"PropertyValueSpecification\",\"valueRequired\":true,\"valueName\":\"search_term_string\"}}],\"inLanguage\":\"cs\"},{\"@type\":\"Person\",\"@id\":\"https:\/\/www.tenisdolnilhota.cz\/#\/schema\/person\/c9a0efabb5774a77811e431d252b6692\",\"name\":\"Michal Opat\",\"image\":{\"@type\":\"ImageObject\",\"inLanguage\":\"cs\",\"@id\":\"https:\/\/www.tenisdolnilhota.cz\/#\/schema\/person\/image\/\",\"url\":\"https:\/\/secure.gravatar.com\/avatar\/789ecf4063104b7f91c07189427c4ffef83787512bf300a486d1a79f667b756e?s=96&d=mm&r=g\",\"contentUrl\":\"https:\/\/secure.gravatar.com\/avatar\/789ecf4063104b7f91c07189427c4ffef83787512bf300a486d1a79f667b756e?s=96&d=mm&r=g\",\"caption\":\"Michal Opat\"}}]}<\/script>\n<!-- \/ Yoast SEO plugin. -->","yoast_head_json":{"title":"Letn\u00ed soust\u0159ed\u011bn\u00ed 2019 - Tenisov\u00fd odd\u00edl - TJ SOKOL Doln\u00ed Lhota","robots":{"index":"index","follow":"follow","max-snippet":"max-snippet:-1","max-image-preview":"max-image-preview:large","max-video-preview":"max-video-preview:-1"},"canonical":"https:\/\/www.tenisdolnilhota.cz\/index.php\/2019\/08\/26\/letni-soustredeni-2018\/","og_locale":"cs_CZ","og_type":"article","og_title":"Letn\u00ed soust\u0159ed\u011bn\u00ed 2019 - Tenisov\u00fd odd\u00edl - TJ SOKOL Doln\u00ed Lhota","og_description":"Sobota 31.8. Z\u00e1v\u011bre\u010dn\u00fd den tenisov\u00e9ho soust\u0159ed\u011bn\u00ed byl zapo\u010dat na kurtech, kde se p\u0159e\u0161lo ze skupinov\u00fdch z\u00e1pasu do nap\u00ednav\u00fdch st\u0159et\u016f o poh\u00e1ry. N\u011bkter\u00e9 ze z\u00e1pas\u016f byly doprov\u00e1zen\u00e9 spoustou emoc\u00ed a slz, hlasit\u00fdm povzbuzov\u00e1n\u00edm jak z \u0159ad div\u00e1k\u016f, tak i od hr\u00e1\u010du &hellip; Continued","og_url":"https:\/\/www.tenisdolnilhota.cz\/index.php\/2019\/08\/26\/letni-soustredeni-2018\/","og_site_name":"Tenisov\u00fd odd\u00edl - TJ SOKOL Doln\u00ed Lhota","article_published_time":"2019-08-26T08:27:44+00:00","article_modified_time":"2019-09-01T20:55:47+00:00","author":"Michal Opat","twitter_card":"summary_large_image","twitter_misc":{"Napsal(a)":"Michal Opat","Odhadovan\u00e1 doba \u010dten\u00ed":"9 minut"},"schema":{"@context":"https:\/\/schema.org","@graph":[{"@type":"WebPage","@id":"https:\/\/www.tenisdolnilhota.cz\/index.php\/2019\/08\/26\/letni-soustredeni-2018\/","url":"https:\/\/www.tenisdolnilhota.cz\/index.php\/2019\/08\/26\/letni-soustredeni-2018\/","name":"Letn\u00ed soust\u0159ed\u011bn\u00ed 2019 - Tenisov\u00fd odd\u00edl - TJ SOKOL Doln\u00ed Lhota","isPartOf":{"@id":"https:\/\/www.tenisdolnilhota.cz\/#website"},"datePublished":"2019-08-26T08:27:44+00:00","dateModified":"2019-09-01T20:55:47+00:00","author":{"@id":"https:\/\/www.tenisdolnilhota.cz\/#\/schema\/person\/c9a0efabb5774a77811e431d252b6692"},"breadcrumb":{"@id":"https:\/\/www.tenisdolnilhota.cz\/index.php\/2019\/08\/26\/letni-soustredeni-2018\/#breadcrumb"},"inLanguage":"cs","potentialAction":[{"@type":"ReadAction","target":["https:\/\/www.tenisdolnilhota.cz\/index.php\/2019\/08\/26\/letni-soustredeni-2018\/"]}]},{"@type":"BreadcrumbList","@id":"https:\/\/www.tenisdolnilhota.cz\/index.php\/2019\/08\/26\/letni-soustredeni-2018\/#breadcrumb","itemListElement":[{"@type":"ListItem","position":1,"name":"Dom\u016f","item":"https:\/\/www.tenisdolnilhota.cz\/"},{"@type":"ListItem","position":2,"name":"Letn\u00ed soust\u0159ed\u011bn\u00ed 2019"}]},{"@type":"WebSite","@id":"https:\/\/www.tenisdolnilhota.cz\/#website","url":"https:\/\/www.tenisdolnilhota.cz\/","name":"Tenisov\u00fd odd\u00edl - TJ SOKOL Doln\u00ed Lhota","description":"","potentialAction":[{"@type":"SearchAction","target":{"@type":"EntryPoint","urlTemplate":"https:\/\/www.tenisdolnilhota.cz\/?s={search_term_string}"},"query-input":{"@type":"PropertyValueSpecification","valueRequired":true,"valueName":"search_term_string"}}],"inLanguage":"cs"},{"@type":"Person","@id":"https:\/\/www.tenisdolnilhota.cz\/#\/schema\/person\/c9a0efabb5774a77811e431d252b6692","name":"Michal Opat","image":{"@type":"ImageObject","inLanguage":"cs","@id":"https:\/\/www.tenisdolnilhota.cz\/#\/schema\/person\/image\/","url":"https:\/\/secure.gravatar.com\/avatar\/789ecf4063104b7f91c07189427c4ffef83787512bf300a486d1a79f667b756e?s=96&d=mm&r=g","contentUrl":"https:\/\/secure.gravatar.com\/avatar\/789ecf4063104b7f91c07189427c4ffef83787512bf300a486d1a79f667b756e?s=96&d=mm&r=g","caption":"Michal Opat"}}]}},"uagb_featured_image_src":{"full":false,"thumbnail":false,"medium":false,"medium_large":false,"large":false,"1536x1536":false,"2048x2048":false,"widget-thumb":false,"sow-carousel-default":false},"uagb_author_info":{"display_name":"Michal Opat","author_link":"https:\/\/www.tenisdolnilhota.cz\/index.php\/author\/opat\/"},"uagb_comment_info":0,"uagb_excerpt":"Sobota 31.8. Z\u00e1v\u011bre\u010dn\u00fd den tenisov\u00e9ho soust\u0159ed\u011bn\u00ed byl zapo\u010dat na kurtech, kde se p\u0159e\u0161lo ze skupinov\u00fdch z\u00e1pasu do nap\u00ednav\u00fdch st\u0159et\u016f o poh\u00e1ry. N\u011bkter\u00e9 ze z\u00e1pas\u016f byly doprov\u00e1zen\u00e9 spoustou emoc\u00ed a slz, hlasit\u00fdm povzbuzov\u00e1n\u00edm jak z \u0159ad div\u00e1k\u016f, tak i od hr\u00e1\u010du &hellip; Continued","_links":{"self":[{"href":"https:\/\/www.tenisdolnilhota.cz\/index.php\/wp-json\/wp\/v2\/posts\/1234","targetHints":{"allow":["GET"]}}],"collection":[{"href":"https:\/\/www.tenisdolnilhota.cz\/index.php\/wp-json\/wp\/v2\/posts"}],"about":[{"href":"https:\/\/www.tenisdolnilhota.cz\/index.php\/wp-json\/wp\/v2\/types\/post"}],"author":[{"embeddable":true,"href":"https:\/\/www.tenisdolnilhota.cz\/index.php\/wp-json\/wp\/v2\/users\/2"}],"replies":[{"embeddable":true,"href":"https:\/\/www.tenisdolnilhota.cz\/index.php\/wp-json\/wp\/v2\/comments?post=1234"}],"version-history":[{"count":28,"href":"https:\/\/www.tenisdolnilhota.cz\/index.php\/wp-json\/wp\/v2\/posts\/1234\/revisions"}],"predecessor-version":[{"id":3108,"href":"https:\/\/www.tenisdolnilhota.cz\/index.php\/wp-json\/wp\/v2\/posts\/1234\/revisions\/3108"}],"wp:attachment":[{"href":"https:\/\/www.tenisdolnilhota.cz\/index.php\/wp-json\/wp\/v2\/media?parent=1234"}],"wp:term":[{"taxonomy":"category","embeddable":true,"href":"https:\/\/www.tenisdolnilhota.cz\/index.php\/wp-json\/wp\/v2\/categories?post=1234"},{"taxonomy":"post_tag","embeddable":true,"href":"https:\/\/www.tenisdolnilhota.cz\/index.php\/wp-json\/wp\/v2\/tags?post=1234"}],"curies":[{"name":"wp","href":"https:\/\/api.w.org\/{rel}","templated":true}]}}